{"id":2806,"date":"2014-06-11T14:20:53","date_gmt":"2014-06-11T11:20:53","guid":{"rendered":"http:\/\/sanasyria.org\/tr\/?p=2806"},"modified":"2014-06-11T14:21:03","modified_gmt":"2014-06-11T11:21:03","slug":"suriye-ve-cin-arasindaki-iliskiler-gelistiriliyor","status":"publish","type":"post","link":"https:\/\/archive.sana.sy\/tr\/?p=2806","title":{"rendered":"Suriye ve \u00c7in Aras\u0131ndaki \u0130li\u015fkiler Geli\u015ftiriliyor"},"content":{"rendered":"<p><span style=\"color: #800000\">\u015eAM \u2013<\/span> Ba\u015fbakan Vail el Halaki bug\u00fcn \u00c7in Halk Cumhuriyetinin \u015eam B\u00fcy\u00fckel\u00e7isi Wang Qi Jian ile iki \u00fclke aras\u0131ndaki ili\u015fkileri muhtelif alanlarda geli\u015ftirme ve ikili ticaret hacmini artt\u0131rma olanaklar\u0131n\u0131 masaya yat\u0131rd\u0131.<\/p>\n<p>G\u00f6r\u00fc\u015fmede Halaki iki \u00fclke aras\u0131nda mevcut anla\u015fmalar\u0131 etkinle\u015ftirme \u00f6nemini vurgularken, Suriyeli kadrolar\u0131n bili\u015fim, modern teknoloji, i\u015fletme ve ekonomik kalk\u0131nma alanlar\u0131nda e\u011fitme ve deneyim kazand\u0131rma \u00e7abalar\u0131nda bulunma gere\u011fine i\u015faret etti.<\/p>\n<p>Ba\u015fta \u00c7in olmak \u00fczere Suriye halk\u0131n\u0131n dostlar\u0131n\u0131 Suriyelilerin \u00e7abalar\u0131yla yap\u0131lacak yeniden yap\u0131land\u0131rma s\u00fcrecine katk\u0131da bulunmaya davet eden Halaki; \u00f6zellikle yap\u0131, ileti\u015fim ve elektrik enerjisi alanlar\u0131nda olmak \u00fczere Suriye&#8217;de vaat edici yat\u0131r\u0131m alanlar\u0131n\u0131n bulundu\u011funa dikkat \u00e7ekti.<\/p>\n<p>G\u00f6r\u00fc\u015fmede \u00c7in b\u00fcy\u00fckel\u00e7isi \u00fclkesinin Suriye&#8217;de yeni yat\u0131r\u0131mlarda bulunma, ikili ticaret hacmini artt\u0131rma ve muhtelif alanlarda ili\u015fkileri geni\u015fletme arzusunda oldu\u011funu ifade etti.<\/p>\n","protected":false},"excerpt":{"rendered":"<p>\u015eAM \u2013 Ba\u015fbakan Vail el Halaki bug\u00fcn \u00c7in Halk Cumhuriyetinin \u015eam B\u00fcy\u00fckel\u00e7isi Wang Qi Jian ile iki \u00fclke aras\u0131ndaki ili\u015fkileri muhtelif alanlarda geli\u015ftirme ve ikili ticaret hacmini artt\u0131rma olanaklar\u0131n\u0131 masaya yat\u0131rd\u0131. G\u00f6r\u00fc\u015fmede Halaki iki \u00fclke aras\u0131nda mevcut anla\u015fmalar\u0131 etkinle\u015ftirme \u00f6nemini vurgularken, Suriyeli kadrolar\u0131n bili\u015fim, modern teknoloji, i\u015fletme ve ekonomik kalk\u0131nma alanlar\u0131nda e\u011fitme ve deneyim kazand\u0131rma &hellip;<\/p>\n","protected":false},"author":1,"featured_media":2807,"comment_status":"closed","ping_status":"closed","sticky":false,"template":"","format":"standard","meta":{"footnotes":""},"categories":[479,478],"tags":[630],"class_list":["post-2806","post","type-post","status-publish","format-standard","has-post-thumbnail","","category-haberler-yerel","category-yerel","tag-suriye-ve-cin-arasindaki-iliskiler-gelistiriliyor"],"_links":{"self":[{"href":"https:\/\/archive.sana.sy\/tr\/index.php?rest_route=\/wp\/v2\/posts\/2806","targetHints":{"allow":["GET"]}}],"collection":[{"href":"https:\/\/archive.sana.sy\/tr\/index.php?rest_route=\/wp\/v2\/posts"}],"about":[{"href":"https:\/\/archive.sana.sy\/tr\/index.php?rest_route=\/wp\/v2\/types\/post"}],"author":[{"embeddable":true,"href":"https:\/\/archive.sana.sy\/tr\/index.php?rest_route=\/wp\/v2\/users\/1"}],"replies":[{"embeddable":true,"href":"https:\/\/archive.sana.sy\/tr\/index.php?rest_route=%2Fwp%2Fv2%2Fcomments&post=2806"}],"version-history":[{"count":0,"href":"https:\/\/archive.sana.sy\/tr\/index.php?rest_route=\/wp\/v2\/posts\/2806\/revisions"}],"wp:featuredmedia":[{"embeddable":true,"href":"https:\/\/archive.sana.sy\/tr\/index.php?rest_route=\/wp\/v2\/media\/2807"}],"wp:attachment":[{"href":"https:\/\/archive.sana.sy\/tr\/index.php?rest_route=%2Fwp%2Fv2%2Fmedia&parent=2806"}],"wp:term":[{"taxonomy":"category","embeddable":true,"href":"https:\/\/archive.sana.sy\/tr\/index.php?rest_route=%2Fwp%2Fv2%2Fcategories&post=2806"},{"taxonomy":"post_tag","embeddable":true,"href":"https:\/\/archive.sana.sy\/tr\/index.php?rest_route=%2Fwp%2Fv2%2Ftags&post=2806"}],"curies":[{"name":"wp","href":"https:\/\/api.w.org\/{rel}","templated":true}]}}