{"id":28079,"date":"2015-03-30T16:33:15","date_gmt":"2015-03-30T13:33:15","guid":{"rendered":"http:\/\/www.sana.sy\/tr\/?p=28079"},"modified":"2015-03-30T19:32:28","modified_gmt":"2015-03-30T16:32:28","slug":"idlib-kentinde-teroristlerden-kacanlara-uygun-gecici-ikamet-yerleri-temin-edilecek","status":"publish","type":"post","link":"https:\/\/archive.sana.sy\/tr\/?p=28079","title":{"rendered":"\u0130dlib Kentinde Ter\u00f6ristlerden Ka\u00e7anlara Uygun Ge\u00e7ici \u0130kamet Yerleri Temin Edilecek"},"content":{"rendered":"<p>LAZK\u0130YE \u2013 Lazkiye Valisi \u0130brahim H\u0131z\u0131r Salim Lazkiye\u2019de Esad \u00dcniversite Hastanesinde tedavi g\u00f6ren yaral\u0131 askerlere ge\u00e7mi\u015f olsun ziyaretinde; ordu birliklerimizin d\u0131\u015f destekli ter\u00f6r \u00e7etelere kar\u015f\u0131 vatan\u0131 savunmadaki fedakarl\u0131klar\u0131n\u0131n mutlaka zafere g\u00f6t\u00fcrece\u011fini belirtti.<\/p>\n<p><a href=\"http:\/\/www.sana.sy\/tr\/wp-content\/uploads\/2015\/03\/Lazkiye-Valisi-2.jpg\"><img loading=\"lazy\" decoding=\"async\" class=\"alignright wp-image-28089 size-medium\" src=\"http:\/\/www.sana.sy\/tr\/wp-content\/uploads\/2015\/03\/Lazkiye-Valisi-2-300x160.jpg\" alt=\"Lazkiye Valisi 2\" width=\"300\" height=\"160\" srcset=\"https:\/\/archive.sana.sy\/tr\/wp-content\/uploads\/2015\/03\/Lazkiye-Valisi-2-300x160.jpg 300w, https:\/\/archive.sana.sy\/tr\/wp-content\/uploads\/2015\/03\/Lazkiye-Valisi-2-150x80.jpg 150w, https:\/\/archive.sana.sy\/tr\/wp-content\/uploads\/2015\/03\/Lazkiye-Valisi-2.jpg 620w\" sizes=\"auto, (max-width: 300px) 100vw, 300px\" \/><\/a>Vali Salim; yaral\u0131 askerlerin tedavileri ve t\u00fcm ihtiya\u00e7lar\u0131n\u0131n temin edilmesi i\u00e7in hastane idaresi ve sa\u011fl\u0131k ekiplerine talimatlar verdi.<\/p>\n<p>Di\u011fer yandan Lazkiye Valisi Salim; T\u00fcrkiye&#8217;deki rejimin deste\u011fi ve y\u00f6nlendirmeleri ile tekfirci ter\u00f6ristlerin \u0130dlib Kentini ele ge\u00e7irmeleriyle evini bark\u0131n\u0131 terk edip ka\u00e7an \u0130dlib ahalisine uygun ge\u00e7ici ikamet yerleri temin edilmesi ve ihtiya\u00e7lar\u0131n\u0131n kar\u015f\u0131lanmas\u0131 i\u00e7in ilgili t\u00fcm kurumlardan gere\u011finin yap\u0131lmas\u0131n\u0131 talep etti.<\/p>\n<p>A.A. &#8211; M.M.<\/p>\n","protected":false},"excerpt":{"rendered":"<p>LAZK\u0130YE \u2013 Lazkiye Valisi \u0130brahim H\u0131z\u0131r Salim Lazkiye\u2019de Esad \u00dcniversite Hastanesinde tedavi g\u00f6ren yaral\u0131 askerlere ge\u00e7mi\u015f olsun ziyaretinde; ordu birliklerimizin d\u0131\u015f destekli ter\u00f6r \u00e7etelere kar\u015f\u0131 vatan\u0131 savunmadaki fedakarl\u0131klar\u0131n\u0131n mutlaka zafere g\u00f6t\u00fcrece\u011fini belirtti. Vali Salim; yaral\u0131 askerlerin tedavileri ve t\u00fcm ihtiya\u00e7lar\u0131n\u0131n temin edilmesi i\u00e7in hastane idaresi ve sa\u011fl\u0131k ekiplerine talimatlar verdi. Di\u011fer yandan Lazkiye Valisi Salim; &hellip;<\/p>\n","protected":false},"author":1,"featured_media":28090,"comment_status":"closed","ping_status":"closed","sticky":false,"template":"","format":"standard","meta":{"footnotes":""},"categories":[479,478],"tags":[13121,13122],"class_list":["post-28079","post","type-post","status-publish","format-standard","has-post-thumbnail","","category-haberler-yerel","category-yerel","tag-idlib-kentinde-teroristlerden-kacanlara-uygun-gecici-ikamet-yerleri-temin-edilecek","tag-lazkiye-lazkiye-valisi-ibrahim-hizir-salim-lazkiyede-esad-universite-hastanesinde-tedavi-goren-yarali-askerlere-gecmis-olsun-ziyaretinde-ordu-birliklerimizin-dis-destekli-teror-cet"],"_links":{"self":[{"href":"https:\/\/archive.sana.sy\/tr\/index.php?rest_route=\/wp\/v2\/posts\/28079","targetHints":{"allow":["GET"]}}],"collection":[{"href":"https:\/\/archive.sana.sy\/tr\/index.php?rest_route=\/wp\/v2\/posts"}],"about":[{"href":"https:\/\/archive.sana.sy\/tr\/index.php?rest_route=\/wp\/v2\/types\/post"}],"author":[{"embeddable":true,"href":"https:\/\/archive.sana.sy\/tr\/index.php?rest_route=\/wp\/v2\/users\/1"}],"replies":[{"embeddable":true,"href":"https:\/\/archive.sana.sy\/tr\/index.php?rest_route=%2Fwp%2Fv2%2Fcomments&post=28079"}],"version-history":[{"count":0,"href":"https:\/\/archive.sana.sy\/tr\/index.php?rest_route=\/wp\/v2\/posts\/28079\/revisions"}],"wp:featuredmedia":[{"embeddable":true,"href":"https:\/\/archive.sana.sy\/tr\/index.php?rest_route=\/wp\/v2\/media\/28090"}],"wp:attachment":[{"href":"https:\/\/archive.sana.sy\/tr\/index.php?rest_route=%2Fwp%2Fv2%2Fmedia&parent=28079"}],"wp:term":[{"taxonomy":"category","embeddable":true,"href":"https:\/\/archive.sana.sy\/tr\/index.php?rest_route=%2Fwp%2Fv2%2Fcategories&post=28079"},{"taxonomy":"post_tag","embeddable":true,"href":"https:\/\/archive.sana.sy\/tr\/index.php?rest_route=%2Fwp%2Fv2%2Ftags&post=28079"}],"curies":[{"name":"wp","href":"https:\/\/api.w.org\/{rel}","templated":true}]}}