{"id":28081,"date":"2015-03-30T16:37:37","date_gmt":"2015-03-30T13:37:37","guid":{"rendered":"http:\/\/www.sana.sy\/tr\/?p=28081"},"modified":"2015-03-31T15:25:37","modified_gmt":"2015-03-31T12:25:37","slug":"teroristler-carsiya-fuzelerle-saldirdi","status":"publish","type":"post","link":"https:\/\/archive.sana.sy\/tr\/?p=28081","title":{"rendered":"Ter\u00f6ristler \u00c7ar\u015f\u0131ya F\u00fczelerle Sald\u0131rd\u0131"},"content":{"rendered":"<p>\u015eAM \u2013 Eli kanl\u0131 ter\u00f6r \u00e7eteleri bug\u00fcn \u015eam\u2019da Harika \u00c7ar\u015f\u0131s\u0131n\u0131 iki f\u00fczeyle hedef ald\u0131.<\/p>\n<p>Emniyet M\u00fcd\u00fcrl\u00fc\u011f\u00fcnde bir kaynak ter\u00f6r \u00e7etelerinin hain sald\u0131r\u0131lar\u0131 sonucunda 1 vatanda\u015f\u0131n \u015fehit, 30 vatanda\u015f\u0131n da yaral\u0131 d\u00fc\u015ft\u00fcklerini aktar\u0131rken, vatanda\u015flar\u0131n i\u015fyerlerinde maddi hasarlar olu\u015ftu\u011funu belirtti.<\/p>\n<p>A.A. &#8211; M.M.<\/p>\n","protected":false},"excerpt":{"rendered":"<p>\u015eAM \u2013 Eli kanl\u0131 ter\u00f6r \u00e7eteleri bug\u00fcn \u015eam\u2019da Harika \u00c7ar\u015f\u0131s\u0131n\u0131 iki f\u00fczeyle hedef ald\u0131. Emniyet M\u00fcd\u00fcrl\u00fc\u011f\u00fcnde bir kaynak ter\u00f6r \u00e7etelerinin hain sald\u0131r\u0131lar\u0131 sonucunda 1 vatanda\u015f\u0131n \u015fehit, 30 vatanda\u015f\u0131n da yaral\u0131 d\u00fc\u015ft\u00fcklerini aktar\u0131rken, vatanda\u015flar\u0131n i\u015fyerlerinde maddi hasarlar olu\u015ftu\u011funu belirtti. A.A. &#8211; M.M.<\/p>\n","protected":false},"author":1,"featured_media":9094,"comment_status":"closed","ping_status":"closed","sticky":false,"template":"","format":"standard","meta":{"footnotes":""},"categories":[575],"tags":[13124,13123],"class_list":["post-28081","post","type-post","status-publish","format-standard","has-post-thumbnail","","category-olaylar-ve-gercekler","tag-sam-eli-kanli-teror-ceteleri-bugun-samda-harika-carsisini-iki-fuzeyle-hedef-aldi","tag-teroristler-carsiya-fuzelerle-saldirdi"],"_links":{"self":[{"href":"https:\/\/archive.sana.sy\/tr\/index.php?rest_route=\/wp\/v2\/posts\/28081","targetHints":{"allow":["GET"]}}],"collection":[{"href":"https:\/\/archive.sana.sy\/tr\/index.php?rest_route=\/wp\/v2\/posts"}],"about":[{"href":"https:\/\/archive.sana.sy\/tr\/index.php?rest_route=\/wp\/v2\/types\/post"}],"author":[{"embeddable":true,"href":"https:\/\/archive.sana.sy\/tr\/index.php?rest_route=\/wp\/v2\/users\/1"}],"replies":[{"embeddable":true,"href":"https:\/\/archive.sana.sy\/tr\/index.php?rest_route=%2Fwp%2Fv2%2Fcomments&post=28081"}],"version-history":[{"count":0,"href":"https:\/\/archive.sana.sy\/tr\/index.php?rest_route=\/wp\/v2\/posts\/28081\/revisions"}],"wp:featuredmedia":[{"embeddable":true,"href":"https:\/\/archive.sana.sy\/tr\/index.php?rest_route=\/wp\/v2\/media\/9094"}],"wp:attachment":[{"href":"https:\/\/archive.sana.sy\/tr\/index.php?rest_route=%2Fwp%2Fv2%2Fmedia&parent=28081"}],"wp:term":[{"taxonomy":"category","embeddable":true,"href":"https:\/\/archive.sana.sy\/tr\/index.php?rest_route=%2Fwp%2Fv2%2Fcategories&post=28081"},{"taxonomy":"post_tag","embeddable":true,"href":"https:\/\/archive.sana.sy\/tr\/index.php?rest_route=%2Fwp%2Fv2%2Ftags&post=28081"}],"curies":[{"name":"wp","href":"https:\/\/api.w.org\/{rel}","templated":true}]}}