{"id":280820,"date":"2023-05-17T10:40:03","date_gmt":"2023-05-17T07:40:03","guid":{"rendered":"https:\/\/sana.sy\/tr\/?p=280820"},"modified":"2023-05-18T09:23:09","modified_gmt":"2023-05-18T06:23:09","slug":"derada-temyiz-mahkemesinin-danismani-kimligi-belirsiz-kisilerin-saldirisiyla-sehit-dustu","status":"publish","type":"post","link":"https:\/\/archive.sana.sy\/tr\/?p=280820","title":{"rendered":"Dera&#8217;da Temyiz Mahkemesi&#8217;nin Dan\u0131\u015fman\u0131 Kimli\u011fi Belirsiz Ki\u015filerin Sald\u0131r\u0131s\u0131yla \u015eehit D\u00fc\u015ft\u00fc"},"content":{"rendered":"<p><strong>DERA \u2013 <\/strong>Dera&#8217;daki Kabahatler Temyiz Mahkemesi&#8217;nin dan\u0131\u015fman\u0131 ve Al Hirak B\u00f6lge Mahkemesinin yarg\u0131c\u0131 M\u00fcnzer Osman El Selamat, Dera k\u0131rsal\u0131ndaki \u0130zraa kentinde evinin \u00f6n\u00fcnde kimli\u011fi belirsiz silahl\u0131 ki\u015filerin sald\u0131r\u0131s\u0131 sonucunda \u015fehit oldu.<\/p>\n<p>Dera il Emniyet M\u00fcd\u00fcrl\u00fc\u011f\u00fcnden bir kaynak SANA muhabirine yapt\u0131\u011f\u0131 a\u00e7\u0131klamada, kimli\u011fi belirsiz ki\u015filerin Dera&#8217;n\u0131n kuzeydo\u011fu k\u0131rsal\u0131ndaki \u0130zraa kentinde Yarg\u0131\u00e7 Selamat&#8217;\u0131 evinin \u00f6n\u00fcnde vurarak \u015fehit d\u00fc\u015f\u00fcrd\u00fc\u011f\u00fcn\u00fc s\u00f6yledi.<\/p>\n<p><a href=\"https:\/\/t.me\/SuriyeArapHaberAjansI\">Telegram Kanal\u0131m\u0131z\u00a0<\/a><\/p>\n<p><a href=\"https:\/\/www.facebook.com\/SANAHaberAjansi\/\">Facebook Sayfam\u0131z<\/a><\/p>\n","protected":false},"excerpt":{"rendered":"<p>DERA \u2013 Dera&#8217;daki Kabahatler Temyiz Mahkemesi&#8217;nin dan\u0131\u015fman\u0131 ve Al Hirak B\u00f6lge Mahkemesinin yarg\u0131c\u0131 M\u00fcnzer Osman El Selamat, Dera k\u0131rsal\u0131ndaki \u0130zraa kentinde evinin \u00f6n\u00fcnde kimli\u011fi belirsiz silahl\u0131 ki\u015filerin sald\u0131r\u0131s\u0131 sonucunda \u015fehit oldu. Dera il Emniyet M\u00fcd\u00fcrl\u00fc\u011f\u00fcnden bir kaynak SANA muhabirine yapt\u0131\u011f\u0131 a\u00e7\u0131klamada, kimli\u011fi belirsiz ki\u015filerin Dera&#8217;n\u0131n kuzeydo\u011fu k\u0131rsal\u0131ndaki \u0130zraa kentinde Yarg\u0131\u00e7 Selamat&#8217;\u0131 evinin \u00f6n\u00fcnde vurarak \u015fehit &hellip;<\/p>\n","protected":false},"author":39,"featured_media":280821,"comment_status":"closed","ping_status":"closed","sticky":false,"template":"","format":"standard","meta":{"footnotes":""},"categories":[479,575,17988,478],"tags":[],"class_list":["post-280820","post","type-post","status-publish","format-standard","has-post-thumbnail","","category-haberler-yerel","category-olaylar-ve-gercekler","category-son-haberler","category-yerel"],"_links":{"self":[{"href":"https:\/\/archive.sana.sy\/tr\/index.php?rest_route=\/wp\/v2\/posts\/280820","targetHints":{"allow":["GET"]}}],"collection":[{"href":"https:\/\/archive.sana.sy\/tr\/index.php?rest_route=\/wp\/v2\/posts"}],"about":[{"href":"https:\/\/archive.sana.sy\/tr\/index.php?rest_route=\/wp\/v2\/types\/post"}],"author":[{"embeddable":true,"href":"https:\/\/archive.sana.sy\/tr\/index.php?rest_route=\/wp\/v2\/users\/39"}],"replies":[{"embeddable":true,"href":"https:\/\/archive.sana.sy\/tr\/index.php?rest_route=%2Fwp%2Fv2%2Fcomments&post=280820"}],"version-history":[{"count":0,"href":"https:\/\/archive.sana.sy\/tr\/index.php?rest_route=\/wp\/v2\/posts\/280820\/revisions"}],"wp:featuredmedia":[{"embeddable":true,"href":"https:\/\/archive.sana.sy\/tr\/index.php?rest_route=\/wp\/v2\/media\/280821"}],"wp:attachment":[{"href":"https:\/\/archive.sana.sy\/tr\/index.php?rest_route=%2Fwp%2Fv2%2Fmedia&parent=280820"}],"wp:term":[{"taxonomy":"category","embeddable":true,"href":"https:\/\/archive.sana.sy\/tr\/index.php?rest_route=%2Fwp%2Fv2%2Fcategories&post=280820"},{"taxonomy":"post_tag","embeddable":true,"href":"https:\/\/archive.sana.sy\/tr\/index.php?rest_route=%2Fwp%2Fv2%2Ftags&post=280820"}],"curies":[{"name":"wp","href":"https:\/\/api.w.org\/{rel}","templated":true}]}}