{"id":280861,"date":"2023-05-17T12:35:13","date_gmt":"2023-05-17T09:35:13","guid":{"rendered":"https:\/\/sana.sy\/tr\/?p=280861"},"modified":"2023-05-19T08:58:21","modified_gmt":"2023-05-19T05:58:21","slug":"amerikan-isgali-suriyenin-el-cezire-bolgesinden-yuzlerce-ton-petrol-caldi-2","status":"publish","type":"post","link":"https:\/\/archive.sana.sy\/tr\/?p=280861","title":{"rendered":"Amerikan \u0130\u015fgali Suriye\u2019nin El Cezire B\u00f6lgesinden Y\u00fczlerce Ton Petrol \u00c7ald\u0131"},"content":{"rendered":"<p><strong>HASEKE<\/strong>\u2013 Amerikan i\u015fgali, ge\u00e7ti\u011fimiz saatlerde y\u00fczlerce ton \u00e7al\u0131nt\u0131 petrol y\u00fckl\u00fc tanklar\u0131 El Cezire sahalar\u0131ndanIrak topraklar\u0131na do\u011fru g\u00f6t\u00fcr\u00fcrken, Suriye servetini \u00e7almaya ve ya\u011fmalamaya devam etti.<\/p>\n<p>El Yarubiye k\u0131rsal\u0131ndan yerel kaynaklar SANA muhabirine, \u2018\u2019El Cezire sahalar\u0131ndan \u00e7al\u0131nan petrolle dolu 42 tanktan olu\u015fan Amerikan i\u015fgal g\u00fc\u00e7lerine ait bir konvoy, yasad\u0131\u015f\u0131 El Mahmudiye ge\u00e7idinden \u00e7\u0131karak, kuzey Irak\u2019taki i\u015fgal \u00fcslerine do\u011fru yola \u00e7\u0131kt\u0131.\u2019\u2019 dedi.<\/p>\n<p>Kaynaklar ayr\u0131ca, Amerikan i\u015fgalinin, kendisine ba\u011fl\u0131 \u201cDSG\u201d milisleriyle i\u015fbirli\u011fi i\u00e7inde son haftalarda Cezire sahalar\u0131ndan Irak\u2019taki \u00fcslerine kadar petrol \u00c7al\u0131nmas\u0131 operasyonlar\u0131n\u0131 yo\u011funla\u015ft\u0131rd\u0131\u011f\u0131na dikkat \u00e7ekti.<\/p>\n<p><a href=\"https:\/\/t.me\/SuriyeArapHaberAjansI\">Telegram Kanal\u0131m\u0131z\u00a0<\/a><\/p>\n<p><a href=\"https:\/\/www.facebook.com\/SANAHaberAjansi\/\">Facebook Sayfam\u0131z<\/a><\/p>\n","protected":false},"excerpt":{"rendered":"<p>HASEKE\u2013 Amerikan i\u015fgali, ge\u00e7ti\u011fimiz saatlerde y\u00fczlerce ton \u00e7al\u0131nt\u0131 petrol y\u00fckl\u00fc tanklar\u0131 El Cezire sahalar\u0131ndanIrak topraklar\u0131na do\u011fru g\u00f6t\u00fcr\u00fcrken, Suriye servetini \u00e7almaya ve ya\u011fmalamaya devam etti. El Yarubiye k\u0131rsal\u0131ndan yerel kaynaklar SANA muhabirine, \u2018\u2019El Cezire sahalar\u0131ndan \u00e7al\u0131nan petrolle dolu 42 tanktan olu\u015fan Amerikan i\u015fgal g\u00fc\u00e7lerine ait bir konvoy, yasad\u0131\u015f\u0131 El Mahmudiye ge\u00e7idinden \u00e7\u0131karak, kuzey Irak\u2019taki i\u015fgal \u00fcslerine &hellip;<\/p>\n","protected":false},"author":39,"featured_media":280862,"comment_status":"closed","ping_status":"closed","sticky":false,"template":"","format":"standard","meta":{"footnotes":""},"categories":[479,575,17988,478],"tags":[],"class_list":["post-280861","post","type-post","status-publish","format-standard","has-post-thumbnail","","category-haberler-yerel","category-olaylar-ve-gercekler","category-son-haberler","category-yerel"],"_links":{"self":[{"href":"https:\/\/archive.sana.sy\/tr\/index.php?rest_route=\/wp\/v2\/posts\/280861","targetHints":{"allow":["GET"]}}],"collection":[{"href":"https:\/\/archive.sana.sy\/tr\/index.php?rest_route=\/wp\/v2\/posts"}],"about":[{"href":"https:\/\/archive.sana.sy\/tr\/index.php?rest_route=\/wp\/v2\/types\/post"}],"author":[{"embeddable":true,"href":"https:\/\/archive.sana.sy\/tr\/index.php?rest_route=\/wp\/v2\/users\/39"}],"replies":[{"embeddable":true,"href":"https:\/\/archive.sana.sy\/tr\/index.php?rest_route=%2Fwp%2Fv2%2Fcomments&post=280861"}],"version-history":[{"count":0,"href":"https:\/\/archive.sana.sy\/tr\/index.php?rest_route=\/wp\/v2\/posts\/280861\/revisions"}],"wp:featuredmedia":[{"embeddable":true,"href":"https:\/\/archive.sana.sy\/tr\/index.php?rest_route=\/wp\/v2\/media\/280862"}],"wp:attachment":[{"href":"https:\/\/archive.sana.sy\/tr\/index.php?rest_route=%2Fwp%2Fv2%2Fmedia&parent=280861"}],"wp:term":[{"taxonomy":"category","embeddable":true,"href":"https:\/\/archive.sana.sy\/tr\/index.php?rest_route=%2Fwp%2Fv2%2Fcategories&post=280861"},{"taxonomy":"post_tag","embeddable":true,"href":"https:\/\/archive.sana.sy\/tr\/index.php?rest_route=%2Fwp%2Fv2%2Ftags&post=280861"}],"curies":[{"name":"wp","href":"https:\/\/api.w.org\/{rel}","templated":true}]}}