{"id":280865,"date":"2023-05-17T12:50:38","date_gmt":"2023-05-17T09:50:38","guid":{"rendered":"https:\/\/sana.sy\/tr\/?p=280865"},"modified":"2023-05-18T12:48:51","modified_gmt":"2023-05-18T09:48:51","slug":"mikdad-lubnanli-mevkidasiyla-ciddedeki-arap-zirvesinin-hazirlik-toplantilarinin-oturum-aralarinda-bir-araya-geldi","status":"publish","type":"post","link":"https:\/\/archive.sana.sy\/tr\/?p=280865","title":{"rendered":"Bakan Mikdad, L\u00fcbnan, Tunus, Umman Ve \u00dcrd\u00fcn D\u0131\u015fi\u015fleri Bakanlar\u0131yla Cidde&#8217;deki Arap Zirvesinin Haz\u0131rl\u0131k Toplant\u0131lar\u0131n\u0131n Oturum Aralar\u0131nda  Bir Araya Geldi"},"content":{"rendered":"<p><strong>C\u0130DDE \u2013 <\/strong>D\u0131\u015fi\u015fleri ve Gurbet\u00e7iler Bakan\u0131 Dr. Faysal Mikdad, Suriye ile L\u00fcbnan aras\u0131ndaki ili\u015fkilerin yak\u0131n oldu\u011funu ve iki \u00fclkeyi ilgilendiren \u00e7e\u015fitli alanlarda aralar\u0131ndaki koordinasyonun devam etti\u011fini vurgulad\u0131.<\/p>\n<p>Mikdad, L\u00fcbnanl\u0131 mevkida\u015f\u0131 Abdullah Bou Habib ile bug\u00fcn Cidde&#8217;de Arap zirvesi haz\u0131rl\u0131klar\u0131 kapsam\u0131nda yapt\u0131\u011f\u0131 g\u00f6r\u00fc\u015fmenin ard\u0131ndan yapt\u0131\u011f\u0131 bas\u0131n a\u00e7\u0131klamas\u0131nda, &#8221;Samimi ge\u00e7en, iki \u00fclke aras\u0131ndaki yak\u0131n ili\u015fkilerin ifade edildi\u011fi g\u00f6r\u00fc\u015fmede L\u00fcbnan&#8217;daki m\u00fclteciler konusuna de\u011finildi, Suriye ve L\u00fcbnan heyetleri aras\u0131nda iki \u00fclkemizi ilgilendiren konularda koordinasyon ele al\u0131nd\u0131 \u200b\u200bve ortam g\u00fczeldi&#8221; diyerek, ayn\u0131 zamanda zirve haz\u0131rl\u0131klar\u0131n\u0131n olumlu ge\u00e7ti\u011fine ve herhangi bir sorun bulunmad\u0131\u011f\u0131na dikkat \u00e7ekti.<\/p>\n<p>Mikdad ayr\u0131ca, &#8221;Suriyeli m\u00fcltecilerin anavatanlar\u0131na d\u00f6nmeleri gerekti\u011fini ve bu d\u00f6n\u00fc\u015f\u00fcn yetenek gerektirdi\u011fini vurgulad\u0131k, ancak Bat\u0131 \u00fclkeleri onlar\u0131 geri d\u00f6nmeye te\u015fvik etse de, engellese de Suriye t\u00fcm \u00e7ocuklar\u0131na kucak a\u00e7\u0131yor.&#8217; ifadelerini kullan\u0131rken, s\u0131\u011f\u0131nman\u0131n k\u00fclfetli bir konu oldu\u011funu ancak Suriye&#8217;nin bu y\u00fck\u00fcn ba\u015fkalar\u0131na de\u011fil vatana ait olmas\u0131 i\u00e7in t\u00fcm m\u00fclteci \u00e7ocuklar\u0131n\u0131n anavatanlar\u0131na d\u00f6nmesini istedi\u011fini belirtti.<\/p>\n<p><iframe loading=\"lazy\" title=\"\u062a\u0635\u0631\u064a\u062d \u0648\u0632\u064a\u0631 \u0627\u0644\u062e\u0627\u0631\u062c\u064a\u0629 \u0627\u0644\u062f\u0643\u062a\u0648\u0631 \u0641\u064a\u0635\u0644 \u0627\u0644\u0645\u0642\u062f\u0627\u062f \u0628\u0639\u062f \u0644\u0642\u0627\u0626\u0647 \u0646\u0638\u064a\u0631\u0647 \u0627\u0644\u0644\u0628\u0646\u0627\u0646\u064a \u0639\u0628\u062f \u0627\u0644\u0644\u0647 \u0628\u0648 \u062d\u0628\u064a\u0628\" width=\"618\" height=\"348\" src=\"https:\/\/www.youtube.com\/embed\/7ZVDqfdraog?feature=oembed\" frameborder=\"0\" allow=\"accelerometer; autoplay; clipboard-write; encrypted-media; gyroscope; picture-in-picture; web-share\" referrerpolicy=\"strict-origin-when-cross-origin\" allowfullscreen><\/iframe><\/p>\n<p>R.M.\/N.A<\/p>\n<p><a href=\"https:\/\/t.me\/SuriyeArapHaberAjansI\">Telegram Kanal\u0131m\u0131z\u00a0<\/a><\/p>\n<p><a href=\"https:\/\/www.facebook.com\/SANAHaberAjansi\/\">Facebook Sayfam\u0131z<\/a><\/p>\n","protected":false},"excerpt":{"rendered":"<p>C\u0130DDE \u2013 D\u0131\u015fi\u015fleri ve Gurbet\u00e7iler Bakan\u0131 Dr. Faysal Mikdad, Suriye ile L\u00fcbnan aras\u0131ndaki ili\u015fkilerin yak\u0131n oldu\u011funu ve iki \u00fclkeyi ilgilendiren \u00e7e\u015fitli alanlarda aralar\u0131ndaki koordinasyonun devam etti\u011fini vurgulad\u0131. Mikdad, L\u00fcbnanl\u0131 mevkida\u015f\u0131 Abdullah Bou Habib ile bug\u00fcn Cidde&#8217;de Arap zirvesi haz\u0131rl\u0131klar\u0131 kapsam\u0131nda yapt\u0131\u011f\u0131 g\u00f6r\u00fc\u015fmenin ard\u0131ndan yapt\u0131\u011f\u0131 bas\u0131n a\u00e7\u0131klamas\u0131nda, &#8221;Samimi ge\u00e7en, iki \u00fclke aras\u0131ndaki yak\u0131n ili\u015fkilerin ifade edildi\u011fi &hellip;<\/p>\n","protected":false},"author":39,"featured_media":280871,"comment_status":"closed","ping_status":"closed","sticky":false,"template":"","format":"standard","meta":{"footnotes":""},"categories":[458,459,17988],"tags":[],"class_list":["post-280865","post","type-post","status-publish","format-standard","has-post-thumbnail","","category-dunya1","category-haberler-arap-uluslararasi-politika","category-son-haberler"],"_links":{"self":[{"href":"https:\/\/archive.sana.sy\/tr\/index.php?rest_route=\/wp\/v2\/posts\/280865","targetHints":{"allow":["GET"]}}],"collection":[{"href":"https:\/\/archive.sana.sy\/tr\/index.php?rest_route=\/wp\/v2\/posts"}],"about":[{"href":"https:\/\/archive.sana.sy\/tr\/index.php?rest_route=\/wp\/v2\/types\/post"}],"author":[{"embeddable":true,"href":"https:\/\/archive.sana.sy\/tr\/index.php?rest_route=\/wp\/v2\/users\/39"}],"replies":[{"embeddable":true,"href":"https:\/\/archive.sana.sy\/tr\/index.php?rest_route=%2Fwp%2Fv2%2Fcomments&post=280865"}],"version-history":[{"count":0,"href":"https:\/\/archive.sana.sy\/tr\/index.php?rest_route=\/wp\/v2\/posts\/280865\/revisions"}],"wp:featuredmedia":[{"embeddable":true,"href":"https:\/\/archive.sana.sy\/tr\/index.php?rest_route=\/wp\/v2\/media\/280871"}],"wp:attachment":[{"href":"https:\/\/archive.sana.sy\/tr\/index.php?rest_route=%2Fwp%2Fv2%2Fmedia&parent=280865"}],"wp:term":[{"taxonomy":"category","embeddable":true,"href":"https:\/\/archive.sana.sy\/tr\/index.php?rest_route=%2Fwp%2Fv2%2Fcategories&post=280865"},{"taxonomy":"post_tag","embeddable":true,"href":"https:\/\/archive.sana.sy\/tr\/index.php?rest_route=%2Fwp%2Fv2%2Ftags&post=280865"}],"curies":[{"name":"wp","href":"https:\/\/api.w.org\/{rel}","templated":true}]}}