{"id":280883,"date":"2023-05-17T14:56:51","date_gmt":"2023-05-17T11:56:51","guid":{"rendered":"http:\/\/sana.sy\/tr\/?p=280883"},"modified":"2023-05-17T15:43:06","modified_gmt":"2023-05-17T12:43:06","slug":"suudi-disisleri-bakani-prens-faysal-bin-farhan-al-saud-suriyenin-bugunku-toplantimiza-katilimini-ve-arap-devletleri-birligi-toplantilarina-katiliminin-yeniden-baslamasini-memnuniyetle-karsiliyorum","status":"publish","type":"post","link":"https:\/\/archive.sana.sy\/tr\/?p=280883","title":{"rendered":"Suudi D\u0131\u015fi\u015fleri Bakan\u0131 Prens Faysal bin Farhan Al Saud: Suriye&#8217;nin bug\u00fcnk\u00fc toplant\u0131m\u0131za kat\u0131l\u0131m\u0131n\u0131 ve Arap Devletleri Birli\u011fi toplant\u0131lar\u0131na kat\u0131l\u0131m\u0131n\u0131n yeniden ba\u015flamas\u0131n\u0131 memnuniyetle kar\u015f\u0131l\u0131yorum"},"content":{"rendered":"","protected":false},"excerpt":{"rendered":"","protected":false},"author":41,"featured_media":0,"comment_status":"closed","ping_status":"closed","sticky":false,"template":"","format":"standard","meta":{"footnotes":""},"categories":[1],"tags":[],"class_list":["post-280883","post","type-post","status-publish","format-standard","","category-news-not-sorted"],"_links":{"self":[{"href":"https:\/\/archive.sana.sy\/tr\/index.php?rest_route=\/wp\/v2\/posts\/280883","targetHints":{"allow":["GET"]}}],"collection":[{"href":"https:\/\/archive.sana.sy\/tr\/index.php?rest_route=\/wp\/v2\/posts"}],"about":[{"href":"https:\/\/archive.sana.sy\/tr\/index.php?rest_route=\/wp\/v2\/types\/post"}],"author":[{"embeddable":true,"href":"https:\/\/archive.sana.sy\/tr\/index.php?rest_route=\/wp\/v2\/users\/41"}],"replies":[{"embeddable":true,"href":"https:\/\/archive.sana.sy\/tr\/index.php?rest_route=%2Fwp%2Fv2%2Fcomments&post=280883"}],"version-history":[{"count":0,"href":"https:\/\/archive.sana.sy\/tr\/index.php?rest_route=\/wp\/v2\/posts\/280883\/revisions"}],"wp:attachment":[{"href":"https:\/\/archive.sana.sy\/tr\/index.php?rest_route=%2Fwp%2Fv2%2Fmedia&parent=280883"}],"wp:term":[{"taxonomy":"category","embeddable":true,"href":"https:\/\/archive.sana.sy\/tr\/index.php?rest_route=%2Fwp%2Fv2%2Fcategories&post=280883"},{"taxonomy":"post_tag","embeddable":true,"href":"https:\/\/archive.sana.sy\/tr\/index.php?rest_route=%2Fwp%2Fv2%2Ftags&post=280883"}],"curies":[{"name":"wp","href":"https:\/\/api.w.org\/{rel}","templated":true}]}}