{"id":280889,"date":"2023-05-17T15:33:46","date_gmt":"2023-05-17T12:33:46","guid":{"rendered":"http:\/\/sana.sy\/tr\/?p=280889"},"modified":"2023-05-18T09:25:13","modified_gmt":"2023-05-18T06:25:13","slug":"lavrov-ukrayna-krizi-abdnin-kyiv-rejimini-terk-etmesiyle-sona-erebilir","status":"publish","type":"post","link":"https:\/\/archive.sana.sy\/tr\/?p=280889","title":{"rendered":"Lavrov: Ukrayna Krizi ABD&#8217;nin Kyiv Rejimini Terk Etmesiyle Sona Erebilir"},"content":{"rendered":"<p><strong>MOSKOVA<\/strong> &#8211; Rusya D\u0131\u015fi\u015fleri Bakan\u0131 Sergey Lavrov, Ukrayna&#8217;daki krizin ABD&#8217;nin Kiev rejiminden vazge\u00e7mesiyle sona erebilece\u011fini vurgulad\u0131.<\/p>\n<p>Sputnik&#8217;in aktard\u0131\u011f\u0131na g\u00f6re Lavrov bug\u00fcn Tsargrad TV&#8217;ye verdi\u011fi r\u00f6portajda, &#8220;ABD, bu \u00fclkenin yirmi y\u0131ll\u0131k i\u015fgali s\u0131ras\u0131nda g\u00fcvendi\u011fi Afgan liderli\u011fini daha \u00f6nce terk etmi\u015fti.&#8221; diyerek, Ukrayna krizinin bu senaryoda sona ermesinin d\u0131\u015flanmad\u0131\u011f\u0131na i\u015faret etti.<\/p>\n<p>Lavrov ayr\u0131ca, &#8220;Umar\u0131m \u00e7a\u011fda\u015f siyaset\u00e7iler tarihe ve bu s\u0131fatla herkese kendini dayatmak isteyen hegemonik yakla\u015f\u0131mla ili\u015fkilerin nas\u0131l geli\u015fti\u011fine dikkat ederler.&#8221; a\u00e7\u0131klamada bulundu.<\/p>\n<p>R.M<\/p>\n<p><a href=\"https:\/\/t.me\/SuriyeArapHaberAjansI\">Telegram Kanal\u0131m\u0131z\u00a0<\/a><\/p>\n<p><a href=\"https:\/\/www.facebook.com\/SANAHaberAjansi\/\">Facebook Sayfam\u0131z<\/a><\/p>\n","protected":false},"excerpt":{"rendered":"<p>MOSKOVA &#8211; Rusya D\u0131\u015fi\u015fleri Bakan\u0131 Sergey Lavrov, Ukrayna&#8217;daki krizin ABD&#8217;nin Kiev rejiminden vazge\u00e7mesiyle sona erebilece\u011fini vurgulad\u0131. Sputnik&#8217;in aktard\u0131\u011f\u0131na g\u00f6re Lavrov bug\u00fcn Tsargrad TV&#8217;ye verdi\u011fi r\u00f6portajda, &#8220;ABD, bu \u00fclkenin yirmi y\u0131ll\u0131k i\u015fgali s\u0131ras\u0131nda g\u00fcvendi\u011fi Afgan liderli\u011fini daha \u00f6nce terk etmi\u015fti.&#8221; diyerek, Ukrayna krizinin bu senaryoda sona ermesinin d\u0131\u015flanmad\u0131\u011f\u0131na i\u015faret etti. Lavrov ayr\u0131ca, &#8220;Umar\u0131m \u00e7a\u011fda\u015f siyaset\u00e7iler tarihe &hellip;<\/p>\n","protected":false},"author":41,"featured_media":280890,"comment_status":"closed","ping_status":"closed","sticky":false,"template":"","format":"standard","meta":{"footnotes":""},"categories":[458,459,17988],"tags":[],"class_list":["post-280889","post","type-post","status-publish","format-standard","has-post-thumbnail","","category-dunya1","category-haberler-arap-uluslararasi-politika","category-son-haberler"],"_links":{"self":[{"href":"https:\/\/archive.sana.sy\/tr\/index.php?rest_route=\/wp\/v2\/posts\/280889","targetHints":{"allow":["GET"]}}],"collection":[{"href":"https:\/\/archive.sana.sy\/tr\/index.php?rest_route=\/wp\/v2\/posts"}],"about":[{"href":"https:\/\/archive.sana.sy\/tr\/index.php?rest_route=\/wp\/v2\/types\/post"}],"author":[{"embeddable":true,"href":"https:\/\/archive.sana.sy\/tr\/index.php?rest_route=\/wp\/v2\/users\/41"}],"replies":[{"embeddable":true,"href":"https:\/\/archive.sana.sy\/tr\/index.php?rest_route=%2Fwp%2Fv2%2Fcomments&post=280889"}],"version-history":[{"count":0,"href":"https:\/\/archive.sana.sy\/tr\/index.php?rest_route=\/wp\/v2\/posts\/280889\/revisions"}],"wp:featuredmedia":[{"embeddable":true,"href":"https:\/\/archive.sana.sy\/tr\/index.php?rest_route=\/wp\/v2\/media\/280890"}],"wp:attachment":[{"href":"https:\/\/archive.sana.sy\/tr\/index.php?rest_route=%2Fwp%2Fv2%2Fmedia&parent=280889"}],"wp:term":[{"taxonomy":"category","embeddable":true,"href":"https:\/\/archive.sana.sy\/tr\/index.php?rest_route=%2Fwp%2Fv2%2Fcategories&post=280889"},{"taxonomy":"post_tag","embeddable":true,"href":"https:\/\/archive.sana.sy\/tr\/index.php?rest_route=%2Fwp%2Fv2%2Ftags&post=280889"}],"curies":[{"name":"wp","href":"https:\/\/api.w.org\/{rel}","templated":true}]}}