{"id":280894,"date":"2023-05-17T15:49:51","date_gmt":"2023-05-17T12:49:51","guid":{"rendered":"http:\/\/sana.sy\/tr\/?p=280894"},"modified":"2023-05-17T16:39:59","modified_gmt":"2023-05-17T13:39:59","slug":"mikdad-suriyeli-multecilerin-ulkelerine-donuslerinde-arap-rolunun-etkili-olmasini-dort-gozle-bekliyoruz-ve-yeniden-yapilanma-surecinin-bu-multecilerin-donusunu-kolaylastiracagina-suphe-yok","status":"publish","type":"post","link":"https:\/\/archive.sana.sy\/tr\/?p=280894","title":{"rendered":"Mikdad: Suriyeli m\u00fcltecilerin \u00fclkelerine d\u00f6n\u00fc\u015flerinde Arap rol\u00fcn\u00fcn etkili olmas\u0131n\u0131 d\u00f6rt g\u00f6zle bekliyoruz ve yeniden yap\u0131lanma s\u00fcrecinin bu m\u00fcltecilerin d\u00f6n\u00fc\u015f\u00fcn\u00fc kolayla\u015ft\u0131raca\u011f\u0131na \u015f\u00fcphe yok"},"content":{"rendered":"","protected":false},"excerpt":{"rendered":"","protected":false},"author":41,"featured_media":0,"comment_status":"closed","ping_status":"closed","sticky":false,"template":"","format":"standard","meta":{"footnotes":""},"categories":[1],"tags":[],"class_list":["post-280894","post","type-post","status-publish","format-standard","","category-news-not-sorted"],"_links":{"self":[{"href":"https:\/\/archive.sana.sy\/tr\/index.php?rest_route=\/wp\/v2\/posts\/280894","targetHints":{"allow":["GET"]}}],"collection":[{"href":"https:\/\/archive.sana.sy\/tr\/index.php?rest_route=\/wp\/v2\/posts"}],"about":[{"href":"https:\/\/archive.sana.sy\/tr\/index.php?rest_route=\/wp\/v2\/types\/post"}],"author":[{"embeddable":true,"href":"https:\/\/archive.sana.sy\/tr\/index.php?rest_route=\/wp\/v2\/users\/41"}],"replies":[{"embeddable":true,"href":"https:\/\/archive.sana.sy\/tr\/index.php?rest_route=%2Fwp%2Fv2%2Fcomments&post=280894"}],"version-history":[{"count":0,"href":"https:\/\/archive.sana.sy\/tr\/index.php?rest_route=\/wp\/v2\/posts\/280894\/revisions"}],"wp:attachment":[{"href":"https:\/\/archive.sana.sy\/tr\/index.php?rest_route=%2Fwp%2Fv2%2Fmedia&parent=280894"}],"wp:term":[{"taxonomy":"category","embeddable":true,"href":"https:\/\/archive.sana.sy\/tr\/index.php?rest_route=%2Fwp%2Fv2%2Fcategories&post=280894"},{"taxonomy":"post_tag","embeddable":true,"href":"https:\/\/archive.sana.sy\/tr\/index.php?rest_route=%2Fwp%2Fv2%2Ftags&post=280894"}],"curies":[{"name":"wp","href":"https:\/\/api.w.org\/{rel}","templated":true}]}}