{"id":280900,"date":"2023-05-17T15:00:17","date_gmt":"2023-05-17T12:00:17","guid":{"rendered":"http:\/\/sana.sy\/tr\/?p=280900"},"modified":"2023-05-19T08:58:27","modified_gmt":"2023-05-19T05:58:27","slug":"bak-bir-dizi-arap-disisleri-bakaniyla-bir-araya-geldi-ve-onlarla-ortak-arap-eylemini-gelistirmeye-yonelik-mekanizmalari-gorustu","status":"publish","type":"post","link":"https:\/\/archive.sana.sy\/tr\/?p=280900","title":{"rendered":"Mikdad, Bir Dizi Arap D\u0131\u015fi\u015fleri Bakan\u0131yla Bir Araya Geldi Ve Onlarla Ortak Arap Eylemini Geli\u015ftirmeye Y\u00f6nelik Mekanizmalar\u0131 G\u00f6r\u00fc\u015ft\u00fc"},"content":{"rendered":"<p><strong>C\u0130DDE<\/strong> &#8211; D\u0131\u015fi\u015fleri ve Gurbet\u00e7iler Bakan\u0131 Faysal Mikdad, Cidde \u015fehrinde Arap zirvesi haz\u0131rl\u0131klar\u0131 yapan Arap d\u0131\u015fi\u015fleri bakanlar\u0131 toplant\u0131s\u0131 \u00f6ncesinde \u00dcrd\u00fcn\u00a0 D\u0131\u015fi\u015fleri Bakan\u0131 Ayman El Safadi, L\u00fcbnan D\u0131\u015fi\u015fleri Bakan\u0131 Abdullah Bu Habib, Umman Sultanl\u0131\u011f\u0131 D\u0131\u015fi\u015fleri Bakan\u0131 \u00a0Badr bin Hamad El Buseyidi, Tunus D\u0131\u015fi\u015fleri Bakan\u0131 Nabil Ammar, Cibuti D\u0131\u015fi\u015fleri Bakan\u0131 Mahmud Ali Yusuf, BAE D\u0131\u015fi\u015fleri Bakanl\u0131\u011f\u0131 Devlet Bakan\u0131 Halife \u015eahin El Mara ile bir araya geldi.<\/p>\n<p>Bu toplant\u0131lar s\u0131ras\u0131nda Mikdad, ortak Arap eylemini geli\u015ftirmeye y\u00f6nelik mekanizmalar\u0131, zirvenin g\u00fcndemindeki en \u00f6nemli konular\u0131 ve tart\u0131\u015f\u0131lacak dosyalar\u0131 ve Arap ulusunun kar\u015f\u0131 kar\u015f\u0131ya oldu\u011fu zorluklara kar\u015f\u0131 al\u0131nmas\u0131 gereken \u00f6nlemleri g\u00f6r\u00fc\u015ft\u00fc.<\/p>\n<p>Arap \u00fclkeleri aras\u0131ndaki ikili ili\u015fkilerin halklar\u0131n \u00e7\u0131kar ve \u00f6zlemlerini kar\u015f\u0131layacak \u015fekilde etkinle\u015ftirilmesinin gereklili\u011fi de tart\u0131\u015f\u0131ld\u0131 ve bu toplant\u0131larda yer alan \u00e7e\u015fitli konularda g\u00f6r\u00fc\u015fler ayn\u0131yd\u0131.<\/p>\n<p>Arap Devletleri Ligi Konseyi d\u0131\u015fi\u015fleri bakanlar\u0131 d\u00fczeyinde toplant\u0131n\u0131n ba\u015flamas\u0131ndan \u00f6nce Bakan Mekdad&#8217;\u0131n BAE D\u0131\u015fi\u015fleri Devlet Bakan\u0131 ile g\u00f6r\u00fc\u015fmesi s\u0131ras\u0131nda Arap Devletleri Birli\u011fi Genel Sekreteri Ahmed Abulgayiz, Bakanlar Mikdad ve \u015eahir El Narar&#8217;\u0131n toplant\u0131s\u0131na da \u00a0kat\u0131ld\u0131.<\/p>\n<p>Arap d\u0131\u015fi\u015fleri bakanlar\u0131 ise, Bakan Mikdad&#8217;a Suriye&#8217;nin Arap Birli\u011fi toplant\u0131lar\u0131na d\u00f6n\u00fc\u015f\u00fcn\u00fc memnuniyetle kar\u015f\u0131lad\u0131klar\u0131n\u0131 ve bunun Arap ortak eylemi \u00fczerindeki \u00f6nemini yinelediler.<\/p>\n<div id='gallery-1' class='gallery galleryid-280900 gallery-columns-1 gallery-size-full'><figure class='gallery-item'>\n\t\t\t<div class='gallery-icon landscape'>\n\t\t\t\t<a href='https:\/\/archive.sana.sy\/tr\/?attachment_id=280902'><img loading=\"lazy\" decoding=\"async\" width=\"660\" height=\"403\" src=\"https:\/\/archive.sana.sy\/tr\/wp-content\/uploads\/2023\/05\/1-19.jpg\" class=\"attachment-full size-full\" alt=\"\" srcset=\"https:\/\/archive.sana.sy\/tr\/wp-content\/uploads\/2023\/05\/1-19.jpg 660w, https:\/\/archive.sana.sy\/tr\/wp-content\/uploads\/2023\/05\/1-19-300x183.jpg 300w\" sizes=\"auto, (max-width: 660px) 100vw, 660px\" \/><\/a>\n\t\t\t<\/div><\/figure><figure class='gallery-item'>\n\t\t\t<div class='gallery-icon landscape'>\n\t\t\t\t<a href='https:\/\/archive.sana.sy\/tr\/?attachment_id=280903'><img loading=\"lazy\" decoding=\"async\" width=\"660\" height=\"429\" src=\"https:\/\/archive.sana.sy\/tr\/wp-content\/uploads\/2023\/05\/photo_2023-05-17_14-10-57-Copy-copy-1.jpg\" class=\"attachment-full size-full\" alt=\"\" srcset=\"https:\/\/archive.sana.sy\/tr\/wp-content\/uploads\/2023\/05\/photo_2023-05-17_14-10-57-Copy-copy-1.jpg 660w, https:\/\/archive.sana.sy\/tr\/wp-content\/uploads\/2023\/05\/photo_2023-05-17_14-10-57-Copy-copy-1-300x195.jpg 300w\" sizes=\"auto, (max-width: 660px) 100vw, 660px\" \/><\/a>\n\t\t\t<\/div><\/figure><figure class='gallery-item'>\n\t\t\t<div class='gallery-icon landscape'>\n\t\t\t\t<a href='https:\/\/archive.sana.sy\/tr\/?attachment_id=280904'><img loading=\"lazy\" decoding=\"async\" width=\"660\" height=\"421\" src=\"https:\/\/archive.sana.sy\/tr\/wp-content\/uploads\/2023\/05\/5-3.jpg\" class=\"attachment-full size-full\" alt=\"\" srcset=\"https:\/\/archive.sana.sy\/tr\/wp-content\/uploads\/2023\/05\/5-3.jpg 660w, https:\/\/archive.sana.sy\/tr\/wp-content\/uploads\/2023\/05\/5-3-300x191.jpg 300w\" sizes=\"auto, (max-width: 660px) 100vw, 660px\" \/><\/a>\n\t\t\t<\/div><\/figure><figure class='gallery-item'>\n\t\t\t<div class='gallery-icon landscape'>\n\t\t\t\t<a href='https:\/\/archive.sana.sy\/tr\/?attachment_id=280905'><img loading=\"lazy\" decoding=\"async\" width=\"660\" height=\"411\" src=\"https:\/\/archive.sana.sy\/tr\/wp-content\/uploads\/2023\/05\/3-5.jpg\" class=\"attachment-full size-full\" alt=\"\" srcset=\"https:\/\/archive.sana.sy\/tr\/wp-content\/uploads\/2023\/05\/3-5.jpg 660w, https:\/\/archive.sana.sy\/tr\/wp-content\/uploads\/2023\/05\/3-5-300x187.jpg 300w\" sizes=\"auto, (max-width: 660px) 100vw, 660px\" \/><\/a>\n\t\t\t<\/div><\/figure><figure class='gallery-item'>\n\t\t\t<div class='gallery-icon landscape'>\n\t\t\t\t<a href='https:\/\/archive.sana.sy\/tr\/?attachment_id=280906'><img loading=\"lazy\" decoding=\"async\" width=\"660\" height=\"442\" src=\"https:\/\/archive.sana.sy\/tr\/wp-content\/uploads\/2023\/05\/2-14.jpg\" class=\"attachment-full size-full\" alt=\"\" srcset=\"https:\/\/archive.sana.sy\/tr\/wp-content\/uploads\/2023\/05\/2-14.jpg 660w, https:\/\/archive.sana.sy\/tr\/wp-content\/uploads\/2023\/05\/2-14-300x201.jpg 300w, https:\/\/archive.sana.sy\/tr\/wp-content\/uploads\/2023\/05\/2-14-110x75.jpg 110w\" sizes=\"auto, (max-width: 660px) 100vw, 660px\" \/><\/a>\n\t\t\t<\/div><\/figure>\n\t\t<\/div>\n\n<p>&nbsp;<\/p>\n<p>R.M<\/p>\n<p><a href=\"https:\/\/t.me\/SuriyeArapHaberAjansI\">Telegram Kanal\u0131m\u0131z\u00a0<\/a><\/p>\n<p><a href=\"https:\/\/www.facebook.com\/SANAHaberAjansi\/\">Facebook Sayfam\u0131z<\/a><\/p>\n","protected":false},"excerpt":{"rendered":"<p>C\u0130DDE &#8211; D\u0131\u015fi\u015fleri ve Gurbet\u00e7iler Bakan\u0131 Faysal Mikdad, Cidde \u015fehrinde Arap zirvesi haz\u0131rl\u0131klar\u0131 yapan Arap d\u0131\u015fi\u015fleri bakanlar\u0131 toplant\u0131s\u0131 \u00f6ncesinde \u00dcrd\u00fcn\u00a0 D\u0131\u015fi\u015fleri Bakan\u0131 Ayman El Safadi, L\u00fcbnan D\u0131\u015fi\u015fleri Bakan\u0131 Abdullah Bu Habib, Umman Sultanl\u0131\u011f\u0131 D\u0131\u015fi\u015fleri Bakan\u0131 \u00a0Badr bin Hamad El Buseyidi, Tunus D\u0131\u015fi\u015fleri Bakan\u0131 Nabil Ammar, Cibuti D\u0131\u015fi\u015fleri Bakan\u0131 Mahmud Ali Yusuf, BAE D\u0131\u015fi\u015fleri Bakanl\u0131\u011f\u0131 Devlet &hellip;<\/p>\n","protected":false},"author":41,"featured_media":280901,"comment_status":"closed","ping_status":"closed","sticky":false,"template":"","format":"standard","meta":{"footnotes":""},"categories":[458,459,17988],"tags":[],"class_list":["post-280900","post","type-post","status-publish","format-standard","has-post-thumbnail","","category-dunya1","category-haberler-arap-uluslararasi-politika","category-son-haberler"],"_links":{"self":[{"href":"https:\/\/archive.sana.sy\/tr\/index.php?rest_route=\/wp\/v2\/posts\/280900","targetHints":{"allow":["GET"]}}],"collection":[{"href":"https:\/\/archive.sana.sy\/tr\/index.php?rest_route=\/wp\/v2\/posts"}],"about":[{"href":"https:\/\/archive.sana.sy\/tr\/index.php?rest_route=\/wp\/v2\/types\/post"}],"author":[{"embeddable":true,"href":"https:\/\/archive.sana.sy\/tr\/index.php?rest_route=\/wp\/v2\/users\/41"}],"replies":[{"embeddable":true,"href":"https:\/\/archive.sana.sy\/tr\/index.php?rest_route=%2Fwp%2Fv2%2Fcomments&post=280900"}],"version-history":[{"count":0,"href":"https:\/\/archive.sana.sy\/tr\/index.php?rest_route=\/wp\/v2\/posts\/280900\/revisions"}],"wp:featuredmedia":[{"embeddable":true,"href":"https:\/\/archive.sana.sy\/tr\/index.php?rest_route=\/wp\/v2\/media\/280901"}],"wp:attachment":[{"href":"https:\/\/archive.sana.sy\/tr\/index.php?rest_route=%2Fwp%2Fv2%2Fmedia&parent=280900"}],"wp:term":[{"taxonomy":"category","embeddable":true,"href":"https:\/\/archive.sana.sy\/tr\/index.php?rest_route=%2Fwp%2Fv2%2Fcategories&post=280900"},{"taxonomy":"post_tag","embeddable":true,"href":"https:\/\/archive.sana.sy\/tr\/index.php?rest_route=%2Fwp%2Fv2%2Ftags&post=280900"}],"curies":[{"name":"wp","href":"https:\/\/api.w.org\/{rel}","templated":true}]}}