{"id":280909,"date":"2023-05-17T16:20:47","date_gmt":"2023-05-17T13:20:47","guid":{"rendered":"http:\/\/sana.sy\/tr\/?p=280909"},"modified":"2023-05-18T09:25:17","modified_gmt":"2023-05-18T06:25:17","slug":"mikdad-araplar-suriyenin-rolunu-memnuniyetle-karsiliyor-ve-suriye-ile-ilgili-konularda-herhangi-bir-gorus-ayriligi-yoktur","status":"publish","type":"post","link":"https:\/\/archive.sana.sy\/tr\/?p=280909","title":{"rendered":"Mikdad: Araplar, Suriye&#8217;nin Rol\u00fcn\u00fc Memnuniyetle Kar\u015f\u0131l\u0131yor Ve Suriye \u0130le \u0130lgili Konularda Herhangi Bir G\u00f6r\u00fc\u015f Ayr\u0131l\u0131\u011f\u0131 Yoktur"},"content":{"rendered":"<p><strong>C\u0130DDE<\/strong> &#8211; D\u0131\u015fi\u015fleri ve Gurbet\u00e7iler Bakan\u0131 Dr. Faysal Mikdad, Araplar\u0131n Suriye&#8217;nin rol\u00fcn\u00fc memnuniyetle kar\u015f\u0131lad\u0131\u011f\u0131n\u0131 ve Suriye ile ilgili konularda herhangi bir farkl\u0131l\u0131k olmad\u0131\u011f\u0131n\u0131 vurgulad\u0131.<\/p>\n<p>Mikdad, Arap d\u0131\u015fi\u015fleri bakanlar\u0131n\u0131n bug\u00fcn Cidde&#8217;de ger\u00e7ekle\u015ftirdi\u011fi haz\u0131rl\u0131k toplant\u0131s\u0131n\u0131n ard\u0131ndan yapt\u0131\u011f\u0131 bas\u0131n a\u00e7\u0131klamas\u0131nda, \u2018\u2019Arap karde\u015flerimizle birlikte \u00e7al\u0131\u015f\u0131yoruz ve t\u00fcm Araplar Suriye&#8217;nin rol\u00fcn\u00fc memnuniyetle kar\u015f\u0131l\u0131yor ve Suriye ile ilgili konularda herhangi bir g\u00f6r\u00fc\u015f ayr\u0131l\u0131\u011f\u0131 yok\u2019\u2019 dedi.<\/p>\n<p>Bakan Mikdad, \u2018\u2019Toplant\u0131da sunulan t\u00fcm projeler ve yasalar, krizin \u00fcstesinden gelme ve Suriye&#8217;nin b\u00f6lgesel ve uluslararas\u0131 d\u00fczeyde oynad\u0131\u011f\u0131 role sayg\u0131 duyma konusundaki g\u00f6r\u00fc\u015flerimizi yans\u0131t\u0131yordu.\u2019\u2019 diyerek, \u00a0\u2018\u2019toplant\u0131lar\u0131n atmosferinden memnunuz ve ortak eylem hedeflerine ula\u015fan her Arap rol\u00fcn\u00fc memnuniyetle kar\u015f\u0131l\u0131yoruz\u2019\u2019 ifadelerini kulland\u0131.<\/p>\n<p>\u2018\u2019Toplant\u0131lar\u0131n atmosferinden memnunuz ve ortak eylem hedeflerine ula\u015fan herhangi bir Arap rol\u00fcn\u00fc memnuniyetle kar\u015f\u0131l\u0131yoruz\u201d diyen Mikdad, \u2018\u2019Suriyeli m\u00fcltecilerin \u00fclkelerine d\u00f6n\u00fc\u015flerinde Arap rol\u00fcn\u00fcn etkili olmas\u0131n\u0131 d\u00f6rt g\u00f6zle bekliyoruz ve yeniden yap\u0131lanma s\u00fcrecinin bu m\u00fcltecilerin d\u00f6n\u00fc\u015f\u00fcn\u00fc kolayla\u015ft\u0131raca\u011f\u0131na \u015f\u00fcphe yok.\u2019\u2019 ifadelerini s\u00f6zlerine ekledi.<\/p>\n<p>Mikdad \u015fu ifadelerle konu\u015fmas\u0131n\u0131 bitirdi: \u2018\u2019Ortak Arap eylemini harekete ge\u00e7irmek i\u00e7in ge\u00e7ti\u011fimiz aylarda oynad\u0131\u011f\u0131 rol i\u00e7in Suudi Arabistan Krall\u0131\u011f\u0131na te\u015fekk\u00fcr ediyoruz.\u2019\u2019<\/p>\n<p>&nbsp;<\/p>\n<div id='gallery-1' class='gallery galleryid-280909 gallery-columns-1 gallery-size-full'><figure class='gallery-item'>\n\t\t\t<div class='gallery-icon landscape'>\n\t\t\t\t<a href='https:\/\/archive.sana.sy\/tr\/?attachment_id=280910'><img loading=\"lazy\" decoding=\"async\" width=\"660\" height=\"445\" src=\"https:\/\/archive.sana.sy\/tr\/wp-content\/uploads\/2023\/05\/1-20.jpg\" class=\"attachment-full size-full\" alt=\"\" srcset=\"https:\/\/archive.sana.sy\/tr\/wp-content\/uploads\/2023\/05\/1-20.jpg 660w, https:\/\/archive.sana.sy\/tr\/wp-content\/uploads\/2023\/05\/1-20-300x202.jpg 300w, https:\/\/archive.sana.sy\/tr\/wp-content\/uploads\/2023\/05\/1-20-110x75.jpg 110w\" sizes=\"auto, (max-width: 660px) 100vw, 660px\" \/><\/a>\n\t\t\t<\/div><\/figure><figure class='gallery-item'>\n\t\t\t<div class='gallery-icon landscape'>\n\t\t\t\t<a href='https:\/\/archive.sana.sy\/tr\/?attachment_id=280911'><img loading=\"lazy\" decoding=\"async\" width=\"660\" height=\"472\" src=\"https:\/\/archive.sana.sy\/tr\/wp-content\/uploads\/2023\/05\/2-15.jpg\" class=\"attachment-full size-full\" alt=\"\" srcset=\"https:\/\/archive.sana.sy\/tr\/wp-content\/uploads\/2023\/05\/2-15.jpg 660w, https:\/\/archive.sana.sy\/tr\/wp-content\/uploads\/2023\/05\/2-15-300x215.jpg 300w\" sizes=\"auto, (max-width: 660px) 100vw, 660px\" \/><\/a>\n\t\t\t<\/div><\/figure>\n\t\t<\/div>\n\n<p>R.M<\/p>\n<p><a href=\"https:\/\/t.me\/SuriyeArapHaberAjansI\">Telegram Kanal\u0131m\u0131z\u00a0<\/a><\/p>\n<p><a href=\"https:\/\/www.facebook.com\/SANAHaberAjansi\/\">Facebook Sayfam\u0131z<\/a><\/p>\n<p>&nbsp;<\/p>\n<p>&nbsp;<\/p>\n<p>&nbsp;<\/p>\n","protected":false},"excerpt":{"rendered":"<p>C\u0130DDE &#8211; D\u0131\u015fi\u015fleri ve Gurbet\u00e7iler Bakan\u0131 Dr. Faysal Mikdad, Araplar\u0131n Suriye&#8217;nin rol\u00fcn\u00fc memnuniyetle kar\u015f\u0131lad\u0131\u011f\u0131n\u0131 ve Suriye ile ilgili konularda herhangi bir farkl\u0131l\u0131k olmad\u0131\u011f\u0131n\u0131 vurgulad\u0131. Mikdad, Arap d\u0131\u015fi\u015fleri bakanlar\u0131n\u0131n bug\u00fcn Cidde&#8217;de ger\u00e7ekle\u015ftirdi\u011fi haz\u0131rl\u0131k toplant\u0131s\u0131n\u0131n ard\u0131ndan yapt\u0131\u011f\u0131 bas\u0131n a\u00e7\u0131klamas\u0131nda, \u2018\u2019Arap karde\u015flerimizle birlikte \u00e7al\u0131\u015f\u0131yoruz ve t\u00fcm Araplar Suriye&#8217;nin rol\u00fcn\u00fc memnuniyetle kar\u015f\u0131l\u0131yor ve Suriye ile ilgili konularda herhangi bir &hellip;<\/p>\n","protected":false},"author":41,"featured_media":280913,"comment_status":"closed","ping_status":"closed","sticky":false,"template":"","format":"standard","meta":{"footnotes":""},"categories":[458,459,17988],"tags":[],"class_list":["post-280909","post","type-post","status-publish","format-standard","has-post-thumbnail","","category-dunya1","category-haberler-arap-uluslararasi-politika","category-son-haberler"],"_links":{"self":[{"href":"https:\/\/archive.sana.sy\/tr\/index.php?rest_route=\/wp\/v2\/posts\/280909","targetHints":{"allow":["GET"]}}],"collection":[{"href":"https:\/\/archive.sana.sy\/tr\/index.php?rest_route=\/wp\/v2\/posts"}],"about":[{"href":"https:\/\/archive.sana.sy\/tr\/index.php?rest_route=\/wp\/v2\/types\/post"}],"author":[{"embeddable":true,"href":"https:\/\/archive.sana.sy\/tr\/index.php?rest_route=\/wp\/v2\/users\/41"}],"replies":[{"embeddable":true,"href":"https:\/\/archive.sana.sy\/tr\/index.php?rest_route=%2Fwp%2Fv2%2Fcomments&post=280909"}],"version-history":[{"count":0,"href":"https:\/\/archive.sana.sy\/tr\/index.php?rest_route=\/wp\/v2\/posts\/280909\/revisions"}],"wp:featuredmedia":[{"embeddable":true,"href":"https:\/\/archive.sana.sy\/tr\/index.php?rest_route=\/wp\/v2\/media\/280913"}],"wp:attachment":[{"href":"https:\/\/archive.sana.sy\/tr\/index.php?rest_route=%2Fwp%2Fv2%2Fmedia&parent=280909"}],"wp:term":[{"taxonomy":"category","embeddable":true,"href":"https:\/\/archive.sana.sy\/tr\/index.php?rest_route=%2Fwp%2Fv2%2Fcategories&post=280909"},{"taxonomy":"post_tag","embeddable":true,"href":"https:\/\/archive.sana.sy\/tr\/index.php?rest_route=%2Fwp%2Fv2%2Ftags&post=280909"}],"curies":[{"name":"wp","href":"https:\/\/api.w.org\/{rel}","templated":true}]}}