{"id":280949,"date":"2023-05-17T14:09:40","date_gmt":"2023-05-17T11:09:40","guid":{"rendered":"http:\/\/sana.sy\/tr\/?p=280949"},"modified":"2023-05-18T09:23:57","modified_gmt":"2023-05-18T06:23:57","slug":"rusya-disisleri-bakanligi-tahil-anlasmasi-iki-ay-daha-uzatildi","status":"publish","type":"post","link":"https:\/\/archive.sana.sy\/tr\/?p=280949","title":{"rendered":"Rusya D\u0131\u015fi\u015fleri Bakanl\u0131\u011f\u0131: Tah\u0131l Anla\u015fmas\u0131 \u0130ki Ay Daha Uzat\u0131ld\u0131"},"content":{"rendered":"<p><strong>MOSKOVA<\/strong> &#8211; Rusya D\u0131\u015fi\u015fleri Bakanl\u0131\u011f\u0131, Rusya, Ukrayna ve Birle\u015fmi\u015f Milletler aras\u0131nda ge\u00e7en y\u0131l Temmuz ay\u0131nda \u0130stanbul&#8217;da imzalanan tah\u0131l anla\u015fmas\u0131n\u0131n iki ay daha uzat\u0131lmas\u0131na Moskova&#8217;n\u0131n onay verdi\u011fini vurgulayarak, giri\u015fimin uygulanmas\u0131ndaki engellerin \u00e7\u00f6z\u00fclmesi gerekti\u011fini kaydetti.<\/p>\n<p>Bakanl\u0131k s\u00f6zc\u00fcs\u00fc Maria Zakharova bug\u00fcn gazetecilere, \u2018\u2019T\u00fcrkiye Cumhurba\u015fkan\u0131 Recep Tayyip Erdo\u011fan&#8217;\u0131n Karadeniz Giri\u015fimi&#8217;ni iki ay daha uzatma a\u00e7\u0131klamas\u0131n\u0131 onayl\u0131yoruz.\u00a0 Bu, k\u00fcresel g\u0131da g\u00fcvenli\u011fini sa\u011flamaya yard\u0131mc\u0131 olmak i\u00e7in s\u00f6zde de\u011fil, fiilen bir f\u0131rsat sunuyor.\u2019\u2019 dedi.<\/p>\n<p>Zakharova ayr\u0131ca, Rusya&#8217;n\u0131n 2022 \u0130stanbul mutabakatlar\u0131na ili\u015fkin temel de\u011ferlendirmelerinin de\u011fi\u015fmedi\u011fini, bunlar\u0131n uygulanmas\u0131ndaki sorun ve engellerin bir an \u00f6nce \u00e7\u00f6z\u00fclmesi gerekti\u011fini belirtti.<\/p>\n<p>R.M<\/p>\n<p><a href=\"https:\/\/t.me\/SuriyeArapHaberAjansI\">Telegram Kanal\u0131m\u0131z\u00a0<\/a><\/p>\n<p><a href=\"https:\/\/www.facebook.com\/SANAHaberAjansi\/\">Facebook Sayfam\u0131z<\/a><\/p>\n","protected":false},"excerpt":{"rendered":"<p>MOSKOVA &#8211; Rusya D\u0131\u015fi\u015fleri Bakanl\u0131\u011f\u0131, Rusya, Ukrayna ve Birle\u015fmi\u015f Milletler aras\u0131nda ge\u00e7en y\u0131l Temmuz ay\u0131nda \u0130stanbul&#8217;da imzalanan tah\u0131l anla\u015fmas\u0131n\u0131n iki ay daha uzat\u0131lmas\u0131na Moskova&#8217;n\u0131n onay verdi\u011fini vurgulayarak, giri\u015fimin uygulanmas\u0131ndaki engellerin \u00e7\u00f6z\u00fclmesi gerekti\u011fini kaydetti. Bakanl\u0131k s\u00f6zc\u00fcs\u00fc Maria Zakharova bug\u00fcn gazetecilere, \u2018\u2019T\u00fcrkiye Cumhurba\u015fkan\u0131 Recep Tayyip Erdo\u011fan&#8217;\u0131n Karadeniz Giri\u015fimi&#8217;ni iki ay daha uzatma a\u00e7\u0131klamas\u0131n\u0131 onayl\u0131yoruz.\u00a0 Bu, k\u00fcresel g\u0131da &hellip;<\/p>\n","protected":false},"author":41,"featured_media":280950,"comment_status":"closed","ping_status":"closed","sticky":false,"template":"","format":"standard","meta":{"footnotes":""},"categories":[458,459,17988],"tags":[],"class_list":["post-280949","post","type-post","status-publish","format-standard","has-post-thumbnail","","category-dunya1","category-haberler-arap-uluslararasi-politika","category-son-haberler"],"_links":{"self":[{"href":"https:\/\/archive.sana.sy\/tr\/index.php?rest_route=\/wp\/v2\/posts\/280949","targetHints":{"allow":["GET"]}}],"collection":[{"href":"https:\/\/archive.sana.sy\/tr\/index.php?rest_route=\/wp\/v2\/posts"}],"about":[{"href":"https:\/\/archive.sana.sy\/tr\/index.php?rest_route=\/wp\/v2\/types\/post"}],"author":[{"embeddable":true,"href":"https:\/\/archive.sana.sy\/tr\/index.php?rest_route=\/wp\/v2\/users\/41"}],"replies":[{"embeddable":true,"href":"https:\/\/archive.sana.sy\/tr\/index.php?rest_route=%2Fwp%2Fv2%2Fcomments&post=280949"}],"version-history":[{"count":0,"href":"https:\/\/archive.sana.sy\/tr\/index.php?rest_route=\/wp\/v2\/posts\/280949\/revisions"}],"wp:featuredmedia":[{"embeddable":true,"href":"https:\/\/archive.sana.sy\/tr\/index.php?rest_route=\/wp\/v2\/media\/280950"}],"wp:attachment":[{"href":"https:\/\/archive.sana.sy\/tr\/index.php?rest_route=%2Fwp%2Fv2%2Fmedia&parent=280949"}],"wp:term":[{"taxonomy":"category","embeddable":true,"href":"https:\/\/archive.sana.sy\/tr\/index.php?rest_route=%2Fwp%2Fv2%2Fcategories&post=280949"},{"taxonomy":"post_tag","embeddable":true,"href":"https:\/\/archive.sana.sy\/tr\/index.php?rest_route=%2Fwp%2Fv2%2Ftags&post=280949"}],"curies":[{"name":"wp","href":"https:\/\/api.w.org\/{rel}","templated":true}]}}