{"id":2810,"date":"2014-06-11T14:29:44","date_gmt":"2014-06-11T11:29:44","guid":{"rendered":"http:\/\/sanasyria.org\/tr\/?p=2810"},"modified":"2014-06-14T13:58:28","modified_gmt":"2014-06-14T10:58:28","slug":"aftan-faydalanan-274-kisi-serbest-birakildi","status":"publish","type":"post","link":"https:\/\/archive.sana.sy\/tr\/?p=2810","title":{"rendered":"Aftan Faydalanan 274 Ki\u015fi Serbest B\u0131rak\u0131ld\u0131"},"content":{"rendered":"<p><span style=\"color: #800000\">\u015eAM \u2013<\/span> 09\/06\/2014 tarihinden \u00f6ne i\u015flenen su\u00e7lara genel af \u00f6ng\u00f6ren 2014\/22 say\u0131l\u0131 yasama karar\u0131 kapsam\u0131nda bug\u00fcn \u015eam Merkez Cezaevinden 274 mahkum serbest b\u0131rak\u0131ld\u0131.<\/p>\n<p>Genel af karar\u0131 kapsam\u0131nda Suriye genelinde muhtelif su\u00e7lardan h\u00fck\u00fcm giyen y\u00fcksek say\u0131da vatanda\u015flar\u0131n faydalanmas\u0131 bekleniyor.<\/p>\n","protected":false},"excerpt":{"rendered":"<p>\u015eAM \u2013 09\/06\/2014 tarihinden \u00f6ne i\u015flenen su\u00e7lara genel af \u00f6ng\u00f6ren 2014\/22 say\u0131l\u0131 yasama karar\u0131 kapsam\u0131nda bug\u00fcn \u015eam Merkez Cezaevinden 274 mahkum serbest b\u0131rak\u0131ld\u0131. Genel af karar\u0131 kapsam\u0131nda Suriye genelinde muhtelif su\u00e7lardan h\u00fck\u00fcm giyen y\u00fcksek say\u0131da vatanda\u015flar\u0131n faydalanmas\u0131 bekleniyor.<\/p>\n","protected":false},"author":1,"featured_media":2811,"comment_status":"closed","ping_status":"closed","sticky":false,"template":"","format":"standard","meta":{"footnotes":""},"categories":[479,575,478],"tags":[631],"class_list":["post-2810","post","type-post","status-publish","format-standard","has-post-thumbnail","","category-haberler-yerel","category-olaylar-ve-gercekler","category-yerel","tag-aftan-faydalanan-274-kisi-serbest-birakildi"],"_links":{"self":[{"href":"https:\/\/archive.sana.sy\/tr\/index.php?rest_route=\/wp\/v2\/posts\/2810","targetHints":{"allow":["GET"]}}],"collection":[{"href":"https:\/\/archive.sana.sy\/tr\/index.php?rest_route=\/wp\/v2\/posts"}],"about":[{"href":"https:\/\/archive.sana.sy\/tr\/index.php?rest_route=\/wp\/v2\/types\/post"}],"author":[{"embeddable":true,"href":"https:\/\/archive.sana.sy\/tr\/index.php?rest_route=\/wp\/v2\/users\/1"}],"replies":[{"embeddable":true,"href":"https:\/\/archive.sana.sy\/tr\/index.php?rest_route=%2Fwp%2Fv2%2Fcomments&post=2810"}],"version-history":[{"count":0,"href":"https:\/\/archive.sana.sy\/tr\/index.php?rest_route=\/wp\/v2\/posts\/2810\/revisions"}],"wp:featuredmedia":[{"embeddable":true,"href":"https:\/\/archive.sana.sy\/tr\/index.php?rest_route=\/wp\/v2\/media\/2811"}],"wp:attachment":[{"href":"https:\/\/archive.sana.sy\/tr\/index.php?rest_route=%2Fwp%2Fv2%2Fmedia&parent=2810"}],"wp:term":[{"taxonomy":"category","embeddable":true,"href":"https:\/\/archive.sana.sy\/tr\/index.php?rest_route=%2Fwp%2Fv2%2Fcategories&post=2810"},{"taxonomy":"post_tag","embeddable":true,"href":"https:\/\/archive.sana.sy\/tr\/index.php?rest_route=%2Fwp%2Fv2%2Ftags&post=2810"}],"curies":[{"name":"wp","href":"https:\/\/api.w.org\/{rel}","templated":true}]}}