{"id":281054,"date":"2023-05-19T14:03:55","date_gmt":"2023-05-19T11:03:55","guid":{"rendered":"https:\/\/sana.sy\/tr\/?p=281054"},"modified":"2023-05-21T08:18:03","modified_gmt":"2023-05-21T05:18:03","slug":"cumhurbaskani-esad-seyh-mansur-bin-zayid-ile-suriye-ile-bae-arasindaki-yakin-ikili-iliskileri-gorustu","status":"publish","type":"post","link":"https:\/\/archive.sana.sy\/tr\/?p=281054","title":{"rendered":"Cumhurba\u015fkan\u0131 Esad, \u015eeyh Mansur Bin Zayid \u0130le Suriye \u0130le BAE Aras\u0131ndaki Yak\u0131n \u0130kili \u0130li\u015fkileri G\u00f6r\u00fc\u015ft\u00fc"},"content":{"rendered":"<p><strong>C\u0130DDE<\/strong>&#8211; Cumhurba\u015fkan\u0131 Be\u015f\u015far Esad, Cidde&#8217;deki 32. Arap Zirvesi&#8217;ne kat\u0131lan Birle\u015fik Arap Emirlikleri Ba\u015fkan Yard\u0131mc\u0131s\u0131 ve Emirlik heyeti ba\u015fkan\u0131 \u015eeyh Mansur bin Zayid Al Nahyan ile bir araya geldi.<\/p>\n<p>Cumhurba\u015fkan\u0131 Esad, \u015eeyh Mansur bin Zayid ile Suriye ile BAE aras\u0131ndaki yak\u0131n ikili ili\u015fkileri ve ortak Arap eylemini geli\u015ftirmenin yollar\u0131n\u0131 g\u00f6r\u00fc\u015ft\u00fc.<\/p>\n<p>Buna kar\u015f\u0131l\u0131k \u015eeyh Mansur, BAE Ba\u015fkan\u0131 Muhammed bin Zayid Al Nahyan&#8217;\u0131n selamlar\u0131n\u0131\u00a0 Cumhurba\u015fkan\u0131 Esad&#8217;a iletti.<\/p>\n<div id='gallery-1' class='gallery galleryid-281054 gallery-columns-1 gallery-size-full'><figure class='gallery-item'>\n\t\t\t<div class='gallery-icon landscape'>\n\t\t\t\t<a href='https:\/\/archive.sana.sy\/tr\/?attachment_id=281057'><img loading=\"lazy\" decoding=\"async\" width=\"1200\" height=\"629\" src=\"https:\/\/archive.sana.sy\/tr\/wp-content\/uploads\/2023\/05\/2-50.jpg\" class=\"attachment-full size-full\" alt=\"\" srcset=\"https:\/\/archive.sana.sy\/tr\/wp-content\/uploads\/2023\/05\/2-50.jpg 1200w, https:\/\/archive.sana.sy\/tr\/wp-content\/uploads\/2023\/05\/2-50-300x157.jpg 300w, https:\/\/archive.sana.sy\/tr\/wp-content\/uploads\/2023\/05\/2-50-1024x537.jpg 1024w, https:\/\/archive.sana.sy\/tr\/wp-content\/uploads\/2023\/05\/2-50-768x403.jpg 768w\" sizes=\"auto, (max-width: 1200px) 100vw, 1200px\" \/><\/a>\n\t\t\t<\/div><\/figure>\n\t\t<\/div>\n\n<p>R.M.<\/p>\n<p><a href=\"https:\/\/t.me\/SuriyeArapHaberAjansI\">Telegram Kanal\u0131m\u0131z\u00a0<\/a><\/p>\n<p><a href=\"https:\/\/www.facebook.com\/SANAHaberAjansi\/\">Facebook Sayfam\u0131z<\/a><\/p>\n","protected":false},"excerpt":{"rendered":"<p>C\u0130DDE&#8211; Cumhurba\u015fkan\u0131 Be\u015f\u015far Esad, Cidde&#8217;deki 32. Arap Zirvesi&#8217;ne kat\u0131lan Birle\u015fik Arap Emirlikleri Ba\u015fkan Yard\u0131mc\u0131s\u0131 ve Emirlik heyeti ba\u015fkan\u0131 \u015eeyh Mansur bin Zayid Al Nahyan ile bir araya geldi. Cumhurba\u015fkan\u0131 Esad, \u015eeyh Mansur bin Zayid ile Suriye ile BAE aras\u0131ndaki yak\u0131n ikili ili\u015fkileri ve ortak Arap eylemini geli\u015ftirmenin yollar\u0131n\u0131 g\u00f6r\u00fc\u015ft\u00fc. Buna kar\u015f\u0131l\u0131k \u015eeyh Mansur, BAE Ba\u015fkan\u0131 &hellip;<\/p>\n","protected":false},"author":41,"featured_media":281055,"comment_status":"closed","ping_status":"closed","sticky":false,"template":"","format":"standard","meta":{"footnotes":""},"categories":[606,605,17988],"tags":[],"class_list":["post-281054","post","type-post","status-publish","format-standard","has-post-thumbnail","","category-cumhurbaskani","category-sayin-cumhurbaskani","category-son-haberler"],"_links":{"self":[{"href":"https:\/\/archive.sana.sy\/tr\/index.php?rest_route=\/wp\/v2\/posts\/281054","targetHints":{"allow":["GET"]}}],"collection":[{"href":"https:\/\/archive.sana.sy\/tr\/index.php?rest_route=\/wp\/v2\/posts"}],"about":[{"href":"https:\/\/archive.sana.sy\/tr\/index.php?rest_route=\/wp\/v2\/types\/post"}],"author":[{"embeddable":true,"href":"https:\/\/archive.sana.sy\/tr\/index.php?rest_route=\/wp\/v2\/users\/41"}],"replies":[{"embeddable":true,"href":"https:\/\/archive.sana.sy\/tr\/index.php?rest_route=%2Fwp%2Fv2%2Fcomments&post=281054"}],"version-history":[{"count":0,"href":"https:\/\/archive.sana.sy\/tr\/index.php?rest_route=\/wp\/v2\/posts\/281054\/revisions"}],"wp:featuredmedia":[{"embeddable":true,"href":"https:\/\/archive.sana.sy\/tr\/index.php?rest_route=\/wp\/v2\/media\/281055"}],"wp:attachment":[{"href":"https:\/\/archive.sana.sy\/tr\/index.php?rest_route=%2Fwp%2Fv2%2Fmedia&parent=281054"}],"wp:term":[{"taxonomy":"category","embeddable":true,"href":"https:\/\/archive.sana.sy\/tr\/index.php?rest_route=%2Fwp%2Fv2%2Fcategories&post=281054"},{"taxonomy":"post_tag","embeddable":true,"href":"https:\/\/archive.sana.sy\/tr\/index.php?rest_route=%2Fwp%2Fv2%2Ftags&post=281054"}],"curies":[{"name":"wp","href":"https:\/\/api.w.org\/{rel}","templated":true}]}}