{"id":281069,"date":"2023-05-19T14:28:51","date_gmt":"2023-05-19T11:28:51","guid":{"rendered":"http:\/\/sana.sy\/tr\/?p=281069"},"modified":"2023-05-19T14:28:51","modified_gmt":"2023-05-19T11:28:51","slug":"suudi-arabistanin-cidde-kentinde-duzenlenen-arap-birligi-zirvesinin-otuz-ikinci-oturumunun-acilis-oturumu-cumhurbaskani-bessar-esadin-katilimiyla-basladi","status":"publish","type":"post","link":"https:\/\/archive.sana.sy\/tr\/?p=281069","title":{"rendered":"Suudi Arabistan&#8217;\u0131n Cidde kentinde d\u00fczenlenen Arap Birli\u011fi Zirvesi&#8217;nin otuz ikinci oturumunun a\u00e7\u0131l\u0131\u015f oturumu Cumhurba\u015fkan\u0131 Be\u015f\u015far Esad&#8217;\u0131n kat\u0131l\u0131m\u0131yla ba\u015flad\u0131\u00a0"},"content":{"rendered":"","protected":false},"excerpt":{"rendered":"","protected":false},"author":41,"featured_media":0,"comment_status":"closed","ping_status":"closed","sticky":false,"template":"","format":"standard","meta":{"footnotes":""},"categories":[17991],"tags":[],"class_list":["post-281069","post","type-post","status-publish","format-standard","","category-son-dakika"],"_links":{"self":[{"href":"https:\/\/archive.sana.sy\/tr\/index.php?rest_route=\/wp\/v2\/posts\/281069","targetHints":{"allow":["GET"]}}],"collection":[{"href":"https:\/\/archive.sana.sy\/tr\/index.php?rest_route=\/wp\/v2\/posts"}],"about":[{"href":"https:\/\/archive.sana.sy\/tr\/index.php?rest_route=\/wp\/v2\/types\/post"}],"author":[{"embeddable":true,"href":"https:\/\/archive.sana.sy\/tr\/index.php?rest_route=\/wp\/v2\/users\/41"}],"replies":[{"embeddable":true,"href":"https:\/\/archive.sana.sy\/tr\/index.php?rest_route=%2Fwp%2Fv2%2Fcomments&post=281069"}],"version-history":[{"count":0,"href":"https:\/\/archive.sana.sy\/tr\/index.php?rest_route=\/wp\/v2\/posts\/281069\/revisions"}],"wp:attachment":[{"href":"https:\/\/archive.sana.sy\/tr\/index.php?rest_route=%2Fwp%2Fv2%2Fmedia&parent=281069"}],"wp:term":[{"taxonomy":"category","embeddable":true,"href":"https:\/\/archive.sana.sy\/tr\/index.php?rest_route=%2Fwp%2Fv2%2Fcategories&post=281069"},{"taxonomy":"post_tag","embeddable":true,"href":"https:\/\/archive.sana.sy\/tr\/index.php?rest_route=%2Fwp%2Fv2%2Ftags&post=281069"}],"curies":[{"name":"wp","href":"https:\/\/api.w.org\/{rel}","templated":true}]}}