{"id":281071,"date":"2023-05-19T14:36:03","date_gmt":"2023-05-19T11:36:03","guid":{"rendered":"http:\/\/sana.sy\/tr\/?p=281071"},"modified":"2023-05-19T15:40:00","modified_gmt":"2023-05-19T12:40:00","slug":"ciddedeki-sana-muhabirleri-cumhurbaskani-bessar-esad-ile-katar-emiri-seyh-tamim-bin-hamad-al-sani-arasinda-zirve-salonuna-girmeden-once-el-sikisildi-ve-ardindan-aralarinda-bir-yan-gorusme-gercekles","status":"publish","type":"post","link":"https:\/\/archive.sana.sy\/tr\/?p=281071","title":{"rendered":"Cidde&#8217;deki SANA muhabirleri: Cumhurba\u015fkan\u0131 Be\u015f\u015far Esad ile Katar Emiri \u015eeyh Tamim bin Hamad Al Sani aras\u0131nda zirve salonuna girmeden \u00f6nce el s\u0131k\u0131\u015f\u0131ld\u0131 ve ard\u0131ndan aralar\u0131nda bir yan g\u00f6r\u00fc\u015fme ger\u00e7ekle\u015fti"},"content":{"rendered":"","protected":false},"excerpt":{"rendered":"","protected":false},"author":41,"featured_media":0,"comment_status":"closed","ping_status":"closed","sticky":false,"template":"","format":"standard","meta":{"footnotes":""},"categories":[1],"tags":[],"class_list":["post-281071","post","type-post","status-publish","format-standard","","category-news-not-sorted"],"_links":{"self":[{"href":"https:\/\/archive.sana.sy\/tr\/index.php?rest_route=\/wp\/v2\/posts\/281071","targetHints":{"allow":["GET"]}}],"collection":[{"href":"https:\/\/archive.sana.sy\/tr\/index.php?rest_route=\/wp\/v2\/posts"}],"about":[{"href":"https:\/\/archive.sana.sy\/tr\/index.php?rest_route=\/wp\/v2\/types\/post"}],"author":[{"embeddable":true,"href":"https:\/\/archive.sana.sy\/tr\/index.php?rest_route=\/wp\/v2\/users\/41"}],"replies":[{"embeddable":true,"href":"https:\/\/archive.sana.sy\/tr\/index.php?rest_route=%2Fwp%2Fv2%2Fcomments&post=281071"}],"version-history":[{"count":0,"href":"https:\/\/archive.sana.sy\/tr\/index.php?rest_route=\/wp\/v2\/posts\/281071\/revisions"}],"wp:attachment":[{"href":"https:\/\/archive.sana.sy\/tr\/index.php?rest_route=%2Fwp%2Fv2%2Fmedia&parent=281071"}],"wp:term":[{"taxonomy":"category","embeddable":true,"href":"https:\/\/archive.sana.sy\/tr\/index.php?rest_route=%2Fwp%2Fv2%2Fcategories&post=281071"},{"taxonomy":"post_tag","embeddable":true,"href":"https:\/\/archive.sana.sy\/tr\/index.php?rest_route=%2Fwp%2Fv2%2Ftags&post=281071"}],"curies":[{"name":"wp","href":"https:\/\/api.w.org\/{rel}","templated":true}]}}