{"id":281073,"date":"2023-05-19T15:22:33","date_gmt":"2023-05-19T12:22:33","guid":{"rendered":"http:\/\/sana.sy\/tr\/?p=281073"},"modified":"2023-05-20T09:11:07","modified_gmt":"2023-05-20T06:11:07","slug":"cidde-zirvesi-istisna-zirvesi-ve-suriyenin-katilimi-en-belirgin-olayi","status":"publish","type":"post","link":"https:\/\/archive.sana.sy\/tr\/?p=281073","title":{"rendered":"Cidde Zirvesi.. \u0130stisna Zirvesi Ve Suriye&#8217;nin Kat\u0131l\u0131m\u0131 En Belirgin Olay\u0131"},"content":{"rendered":"<p><strong>C\u0130DDE<\/strong> &#8211; Bug\u00fcn yay\u0131nlanan Suudi gazeteleri, bug\u00fcn Suudi Arabistan&#8217;\u0131n Cidde kentinde Arap \u00fclkelerinin yakla\u015f\u0131k 15 lideri, cumhurba\u015fkan\u0131, kral ve prensinin kat\u0131l\u0131m\u0131yla d\u00fczenlenen otuz ikinci oturumunda Arap Zirvesi&#8217;ne b\u00fcy\u00fck ilgi <img loading=\"lazy\" decoding=\"async\" class=\"size-full wp-image-281074 alignright\" src=\"http:\/\/sana.sy\/tr\/wp-content\/uploads\/2023\/05\/1-27.jpg\" alt=\"\" width=\"300\" height=\"155\" \/>g\u00f6sterdi.<\/p>\n<p>Okaz gazetesi bug\u00fcnk\u00fc yaz\u0131s\u0131nda, \u2018\u2019T\u00fcm beklentiler, Arap \u00fclkelerindeki krizleri \u00e7\u00f6zmek i\u00e7in \u00fczerine in\u015fa edilebilecek ger\u00e7ek bir siyasi iradenin varl\u0131\u011f\u0131 ile karakterize edilen Cidde zirvesinin en ba\u015far\u0131l\u0131 Arap zirvelerinden biri olaca\u011f\u0131na i\u015faret ediyor\u2019\u2019 dedi.<\/p>\n<p>Gazete ayr\u0131ca, \u2018\u2019\u00d6zellikle \u00e7arp\u0131c\u0131 olan, Arap topraklar\u0131ndaki do\u011fal konumuna d\u00f6n\u00fc\u015f\u00fcn ard\u0131ndan Devlet Ba\u015fkan\u0131 Be\u015far Esad taraf\u0131ndan temsil edilen Suriye&#8217;nin zirve \u00e7al\u0131\u015fmalar\u0131na kat\u0131l\u0131m\u0131d\u0131r. Zirvenin dikkat ve kararlar\u0131n\u0131n b\u00fcy\u00fck bir b\u00f6l\u00fcm\u00fcn\u00fc i\u015fgal etmesi bekleniyor.\u2019\u2019 ifadelerini s\u00f6zlerine ekledi.<\/p>\n<p>Gazete, Filistin davas\u0131n\u0131n, geli\u015fmelerin ve \u0130srail i\u015fgal yetkililerinin yapt\u0131klar\u0131n\u0131n hi\u00e7bir \u015fekilde Cidde zirvesinden \u00e7\u0131kmas\u0131 beklenen kararlar\u0131n \u00f6n\u00fcne ge\u00e7emeyece\u011fine de \u00a0dikkat \u00e7ekti.<\/p>\n<p>(Araplar\u0131n pusulas\u0131 ve istisnan\u0131n zirvesi Cidde) ba\u015fl\u0131kl\u0131 bir ba\u015fka yaz\u0131da Okaz gazetesi, bu zirvenin istisnas\u0131n\u0131n Suriye&#8217;nin Arap \u00e7evresine d\u00f6nmesi ve 12 y\u0131l\u0131 a\u015fk\u0131n s\u00fcredir devam eden ayr\u0131l\u0131\u011f\u0131n sona ermesi oldu\u011funu de\u011ferlendirdi.<\/p>\n<p>Gazete, ge\u00e7ti\u011fimiz \u015eubat ay\u0131nda meydana gelen depremden sonra (Levant b\u00f6lgesini ve halk\u0131n\u0131) etkileyen son olaylar\u0131n yeniden ele al\u0131nmas\u0131n\u0131, yabanc\u0131la\u015fman\u0131n kesilmesini ve Suriye&#8217;nin do\u011fal yerine d\u00f6n\u00fc\u015f\u00fcn\u00fc gerektirdi\u011fini ifade etti.<\/p>\n<p><img loading=\"lazy\" decoding=\"async\" class=\"size-medium wp-image-281075 alignright\" src=\"http:\/\/sana.sy\/tr\/wp-content\/uploads\/2023\/05\/2-18-300x168.jpg\" alt=\"\" width=\"300\" height=\"168\" srcset=\"https:\/\/archive.sana.sy\/tr\/wp-content\/uploads\/2023\/05\/2-18-300x168.jpg 300w, https:\/\/archive.sana.sy\/tr\/wp-content\/uploads\/2023\/05\/2-18.jpg 660w\" sizes=\"auto, (max-width: 300px) 100vw, 300px\" \/>El Cezire gazetesi ise ba\u015fyaz\u0131s\u0131nda, \u2018\u2019Cidde Zirvesi&#8217;nin \u00f6nemi, b\u00f6lgede ve d\u00fcnyada ya\u015fanan olaylardaki geli\u015fmeler \u0131\u015f\u0131\u011f\u0131nda d\u00fczenlenmesinde yatmaktad\u0131r. Krall\u0131k liderli\u011finin b\u00f6lgede bar\u0131\u015f, g\u00fcvenlik, istikrar ve refah\u0131 sa\u011flamay\u0131 ama\u00e7layan \u00e7abalara verdi\u011fi deste\u011fin \u0131\u015f\u0131\u011f\u0131nda,Krall\u0131\u011f\u0131n \u0130ran \u0130slam Cumhuriyeti ile \u00c7in himayesinde iki \u00fclke aras\u0131ndaki ili\u015fkileri yeniden ba\u015flatmak i\u00e7in imzalad\u0131\u011f\u0131 anla\u015fma ve \u00a0\u00a0Sudan, Suriye ve Yemen&#8217;deki krizlere kapsaml\u0131 bir siyasi \u00e7\u00f6z\u00fcm bulmak i\u00e7in mevcut \u00e7aba ve giri\u015fimler aras\u0131ndad\u0131r\u2019\u2019 dedi.<\/p>\n<p>El Bilad gazetesi de (Cidde Zirvesi&#8230; Yeni Bir Arap Bar\u0131\u015f\u0131 ve Refah \u00c7a\u011f\u0131 \u0130\u00e7in B\u00fcy\u00fck Umutlar) ba\u015fl\u0131kl\u0131 yaz\u0131s\u0131nda, zirvenin t\u00fcm Arap \u00fclkeleri ve halklar\u0131 i\u00e7in yeni bir bar\u0131\u015f, istikrar ve refah d\u00f6nemi i\u00e7in b\u00fcy\u00fck umutlar ve \u00f6zlemler aras\u0131nda ger\u00e7ekle\u015fti\u011fine dikkat \u00e7ekti.<\/p>\n<p>Gazete, Suudi Arabistan&#8217;\u0131n Suriye&#8217;deki krizin t\u00fcm yans\u0131malar\u0131na son veren, birli\u011fini, g\u00fcvenli\u011fini ve istikrar\u0131n\u0131 koruyan ve onu Arap \u00e7evresine geri d\u00f6nd\u00fcren siyasi bir \u00e7\u00f6z\u00fcm bulma \u00e7abalar\u0131n\u0131 desteklemede \u00f6nemli bir rol oynamaya istekli oldu\u011funu de\u011ferlendirdi.<\/p>\n<p>El \u015eerk El Avsat gazetesi kendi ad\u0131na, &#8221; (Cidde Zirvesi&#8230; Umut ve Yenilenmenin \u0130zi) ba\u015fl\u0131kl\u0131 bir makale yay\u0131nlad\u0131 ve burada, \u201cCidde zirvesini \u00f6nemli bir olay yapan \u015fey, bir yandan (sahte Arap Bahar\u0131) dalgalar\u0131n\u0131n neden oldu\u011fu on y\u0131ll\u0131k huzursuzlu\u011fun ard\u0131ndan \u201cCovid-19\u201d salg\u0131n\u0131 bir yanda ve ard\u0131ndan Ukrayna sava\u015f\u0131\u00a0 ve K\u00fcresel ba\u011flamda Arap d\u00fcnyas\u0131n\u0131n y\u00fcr\u00fcy\u00fc\u015f\u00fc \u00fczerinde net bir etki b\u0131rakmak \u00a0ard\u0131ndan ayr\u0131cal\u0131kl\u0131 bir zamanda gelmesidir.&#8221; dedi.<\/p>\n<p>Bu ba\u011flamda El Yevim gazetesi , \u00f6zellikle de uluslararas\u0131 ve b\u00f6lgesel d\u00fczeylerde birbirini izleyen de\u011fi\u015fimler ve t\u0131rmanan krizlerin \u0131\u015f\u0131\u011f\u0131nda, Cidde&#8217;deki Arap Zirvesi&#8217;nin, b\u00f6lgenin g\u00fcvenlik ve istikrar\u0131n\u0131 koruma ve Arap \u00e7\u0131karlar\u0131n\u0131 geli\u015ftirme \u00e7abalar\u0131nda karde\u015f Arap \u00fclkeleri aras\u0131ndaki isti\u015fare ve koordinasyonu art\u0131rmay\u0131 ama\u00e7lad\u0131\u011f\u0131na dikkat \u00e7ekti.<\/p>\n<p>R.M.<\/p>\n<p><a href=\"https:\/\/t.me\/SuriyeArapHaberAjansI\">Telegram Kanal\u0131m\u0131z\u00a0<\/a><\/p>\n<p><a href=\"https:\/\/www.facebook.com\/SANAHaberAjansi\/\">Facebook Sayfam\u0131z<\/a><\/p>\n","protected":false},"excerpt":{"rendered":"<p>C\u0130DDE &#8211; Bug\u00fcn yay\u0131nlanan Suudi gazeteleri, bug\u00fcn Suudi Arabistan&#8217;\u0131n Cidde kentinde Arap \u00fclkelerinin yakla\u015f\u0131k 15 lideri, cumhurba\u015fkan\u0131, kral ve prensinin kat\u0131l\u0131m\u0131yla d\u00fczenlenen otuz ikinci oturumunda Arap Zirvesi&#8217;ne b\u00fcy\u00fck ilgi g\u00f6sterdi. Okaz gazetesi bug\u00fcnk\u00fc yaz\u0131s\u0131nda, \u2018\u2019T\u00fcm beklentiler, Arap \u00fclkelerindeki krizleri \u00e7\u00f6zmek i\u00e7in \u00fczerine in\u015fa edilebilecek ger\u00e7ek bir siyasi iradenin varl\u0131\u011f\u0131 ile karakterize edilen Cidde zirvesinin en &hellip;<\/p>\n","protected":false},"author":41,"featured_media":281076,"comment_status":"closed","ping_status":"closed","sticky":false,"template":"","format":"standard","meta":{"footnotes":""},"categories":[458,459,17988],"tags":[],"class_list":["post-281073","post","type-post","status-publish","format-standard","has-post-thumbnail","","category-dunya1","category-haberler-arap-uluslararasi-politika","category-son-haberler"],"_links":{"self":[{"href":"https:\/\/archive.sana.sy\/tr\/index.php?rest_route=\/wp\/v2\/posts\/281073","targetHints":{"allow":["GET"]}}],"collection":[{"href":"https:\/\/archive.sana.sy\/tr\/index.php?rest_route=\/wp\/v2\/posts"}],"about":[{"href":"https:\/\/archive.sana.sy\/tr\/index.php?rest_route=\/wp\/v2\/types\/post"}],"author":[{"embeddable":true,"href":"https:\/\/archive.sana.sy\/tr\/index.php?rest_route=\/wp\/v2\/users\/41"}],"replies":[{"embeddable":true,"href":"https:\/\/archive.sana.sy\/tr\/index.php?rest_route=%2Fwp%2Fv2%2Fcomments&post=281073"}],"version-history":[{"count":0,"href":"https:\/\/archive.sana.sy\/tr\/index.php?rest_route=\/wp\/v2\/posts\/281073\/revisions"}],"wp:featuredmedia":[{"embeddable":true,"href":"https:\/\/archive.sana.sy\/tr\/index.php?rest_route=\/wp\/v2\/media\/281076"}],"wp:attachment":[{"href":"https:\/\/archive.sana.sy\/tr\/index.php?rest_route=%2Fwp%2Fv2%2Fmedia&parent=281073"}],"wp:term":[{"taxonomy":"category","embeddable":true,"href":"https:\/\/archive.sana.sy\/tr\/index.php?rest_route=%2Fwp%2Fv2%2Fcategories&post=281073"},{"taxonomy":"post_tag","embeddable":true,"href":"https:\/\/archive.sana.sy\/tr\/index.php?rest_route=%2Fwp%2Fv2%2Ftags&post=281073"}],"curies":[{"name":"wp","href":"https:\/\/api.w.org\/{rel}","templated":true}]}}