{"id":281091,"date":"2023-05-19T16:17:01","date_gmt":"2023-05-19T13:17:01","guid":{"rendered":"http:\/\/sana.sy\/tr\/?p=281091"},"modified":"2023-05-19T17:00:40","modified_gmt":"2023-05-19T14:00:40","slug":"cumhurbaskani-esad-zirvede-bulunmamizi-ve-suriyenin-arap-birligine-donusunu-memnuniyetle-karsilayan-heyet-baskanlarina-derin-tesekkurlerimi-sunuyorum","status":"publish","type":"post","link":"https:\/\/archive.sana.sy\/tr\/?p=281091","title":{"rendered":"Cumhurba\u015fkan\u0131 Esad: Zirvede bulunmam\u0131z\u0131 ve Suriye&#8217;nin Arap Birli\u011fi&#8217;ne d\u00f6n\u00fc\u015f\u00fcn\u00fc memnuniyetle kar\u015f\u0131layan heyet ba\u015fkanlar\u0131na derin te\u015fekk\u00fcrlerimi sunuyorum"},"content":{"rendered":"","protected":false},"excerpt":{"rendered":"","protected":false},"author":41,"featured_media":0,"comment_status":"closed","ping_status":"closed","sticky":false,"template":"","format":"standard","meta":{"footnotes":""},"categories":[1],"tags":[],"class_list":["post-281091","post","type-post","status-publish","format-standard","","category-news-not-sorted"],"_links":{"self":[{"href":"https:\/\/archive.sana.sy\/tr\/index.php?rest_route=\/wp\/v2\/posts\/281091","targetHints":{"allow":["GET"]}}],"collection":[{"href":"https:\/\/archive.sana.sy\/tr\/index.php?rest_route=\/wp\/v2\/posts"}],"about":[{"href":"https:\/\/archive.sana.sy\/tr\/index.php?rest_route=\/wp\/v2\/types\/post"}],"author":[{"embeddable":true,"href":"https:\/\/archive.sana.sy\/tr\/index.php?rest_route=\/wp\/v2\/users\/41"}],"replies":[{"embeddable":true,"href":"https:\/\/archive.sana.sy\/tr\/index.php?rest_route=%2Fwp%2Fv2%2Fcomments&post=281091"}],"version-history":[{"count":0,"href":"https:\/\/archive.sana.sy\/tr\/index.php?rest_route=\/wp\/v2\/posts\/281091\/revisions"}],"wp:attachment":[{"href":"https:\/\/archive.sana.sy\/tr\/index.php?rest_route=%2Fwp%2Fv2%2Fmedia&parent=281091"}],"wp:term":[{"taxonomy":"category","embeddable":true,"href":"https:\/\/archive.sana.sy\/tr\/index.php?rest_route=%2Fwp%2Fv2%2Fcategories&post=281091"},{"taxonomy":"post_tag","embeddable":true,"href":"https:\/\/archive.sana.sy\/tr\/index.php?rest_route=%2Fwp%2Fv2%2Ftags&post=281091"}],"curies":[{"name":"wp","href":"https:\/\/api.w.org\/{rel}","templated":true}]}}