{"id":281093,"date":"2023-05-19T16:37:06","date_gmt":"2023-05-19T13:37:06","guid":{"rendered":"http:\/\/sana.sy\/tr\/?p=281093"},"modified":"2023-05-21T08:18:08","modified_gmt":"2023-05-21T05:18:08","slug":"cumhurbaskani-esad-suudi-arabistanin-cidde-kentinde-duzenlenen-32-arap-birligi-zirvesinde-suriye-konusmasini-yapti","status":"publish","type":"post","link":"https:\/\/archive.sana.sy\/tr\/?p=281093","title":{"rendered":"Arap Zirvesi \u00d6n\u00fcnde Cumhurba\u015fkan\u0131 Esad: Bug\u00fcn, \u0130\u015flerimizi En Az D\u0131\u015f M\u00fcdahale \u0130le Yeniden D\u00fczenlemek \u0130\u00e7in Tarihi Bir F\u0131rsatla Kar\u015f\u0131 Kar\u015f\u0131yay\u0131z"},"content":{"rendered":"<p><strong>C\u0130DDE<\/strong> &#8211; Say\u0131n Cumhurba\u015fkan\u0131 Be\u015f\u015far Esad, Suudi Arabistan&#8217;\u0131n Cidde kentinde d\u00fczenlenen Arap Devletleri Birli\u011fi Zirvesi&#8217;nin 32. toplant\u0131s\u0131nda Suriye konu\u015fmas\u0131n\u0131 yapt\u0131.<\/p>\n<p><span style=\"color: #0000ff;\"><strong>\u0130\u015fte konu\u015fmas\u0131n\u0131n tam metni:<\/strong><\/span><\/p>\n<p>&#8216;<img loading=\"lazy\" decoding=\"async\" class=\"size-full wp-image-281102 alignright\" src=\"http:\/\/sana.sy\/tr\/wp-content\/uploads\/2023\/05\/1-28.jpg\" alt=\"\" width=\"300\" height=\"137\" \/>&#8216;Prens Muhammed bin Selman, Suudi Arabistan Krall\u0131\u011f\u0131 Veliaht Prensi, Majesteleri, H\u00fck\u00fcmdarlar ve Ekselanslar\u0131, Han\u0131mefendiler ve Beyefendiler\u2026Bir insan, tehlikeler art\u0131k yak\u0131n olmay\u0131p fark\u0131na vard\u0131\u011f\u0131nda konu\u015fmas\u0131na nereden ba\u015flar? Ba\u015far\u0131y\u0131 ve eylemi motive eden umuttan ba\u015flar\u2026 rahats\u0131zl\u0131klar birikti\u011finde, doktor onlara neden olan altta yatan hastal\u0131\u011f\u0131 tedavi etmek \u015fart\u0131yla, onlar\u0131 bireysel olarak tedavi edebilir.<\/p>\n<p>Dolay\u0131s\u0131yla sebepleri de\u011fil sonu\u00e7lar\u0131 ele alarak gelece\u011fimizi tehdit eden, krizlerimizi \u00fcreten ana ba\u015fl\u0131klar\u0131 ara\u015ft\u0131rmak, gelecek nesilleri bo\u011fmamak ve bo\u011fmamak i\u00e7in sebepleri de\u011fil, tehditlerin riskleri vard\u0131r, f\u0131rsatlar\u0131 da vard\u0131r.Bug\u00fcn ilkelerden, ahlaktan, dostlardan ve ortaklardan yoksun Bat\u0131 hegemonyas\u0131n\u0131n bir sonucu olarak \u00e7ok kutuplu bir d\u00fcnyada kendini g\u00f6steren uluslararas\u0131 durumu de\u011fi\u015ftirme f\u0131rsat\u0131yla kar\u015f\u0131 kar\u015f\u0131yay\u0131z. Bug\u00fcn \u015fekillenmekte olan bu d\u00fcnyan\u0131n aktif bir par\u00e7as\u0131 olmak i\u00e7in, zirve \u00f6ncesinde ya\u015fanan uzla\u015fmalardan bug\u00fcne kadar gelen olumlu havaya yat\u0131r\u0131m yaparak, yeniden konumland\u0131r\u0131lmay\u0131 gerektiren, en az d\u0131\u015f m\u00fcdahale ile i\u015flerimizi yeniden d\u00fczenlemek i\u00e7in tarihi bir f\u0131rsatt\u0131r.<\/p>\n<p>\u0130nsan\u0131n do\u011fu\u015ftan gelen aidiyetlerini hedef alan, onu ahlak\u0131ndan ve kimli\u011finden soyan modern liberalizmle yakla\u015fmakta olan erime kar\u015f\u0131s\u0131nda k\u00fclt\u00fcr\u00fcm\u00fcz\u00fc peki\u015ftirmek ve Arap kimli\u011fimizi medeniyet boyutunda tan\u0131mlamak i\u00e7in bir f\u0131rsatt\u0131r. Do\u011fal, milli, etnik ve dinsel unsurlarla \u00e7at\u0131\u015fma durumuna sokmak ve toplumlar\u0131m\u0131z\u0131n ba\u015fkalar\u0131yla de\u011fil kendileriyle m\u00fccadelesinde onunla \u00f6lmesi amac\u0131yla haks\u0131z yere \u0131rk\u00e7\u0131l\u0131k ve \u015fovenizmle itham edilmektedir.<\/p>\n<p><img loading=\"lazy\" decoding=\"async\" class=\"size-full wp-image-281103 alignright\" src=\"http:\/\/sana.sy\/tr\/wp-content\/uploads\/2023\/05\/2-19.jpg\" alt=\"\" width=\"300\" height=\"168\" \/>Libya&#8217;dan Suriye&#8217;ye, Yemen&#8217;den Sudan&#8217;a, oradan da farkl\u0131 co\u011frafyalardaki bir\u00e7ok meseleye kadar her g\u00fcn bizi ilgilendiren meselelere gelince, semptomlar\u0131 tedavi ederek hastal\u0131klar\u0131 tedavi edemeyiz. T\u00fcm bu sorunlar, daha \u00f6nce ele al\u0131nmam\u0131\u015f daha b\u00fcy\u00fck ba\u015fl\u0131klar\u0131n sonu\u00e7lar\u0131d\u0131r. Baz\u0131lar\u0131 hakk\u0131nda konu\u015fmaya gelince, son on y\u0131lda Arap sahnesinde ortaya \u00e7\u0131kan \u00e7atlaklar\u0131 ele almak gerekiyor. Ve Birli\u011fin yaralar\u0131 saran de\u011fil, yaralar\u0131 iyile\u015ftiren rol\u00fcn\u00fc yeniden kazanmas\u0131 ve en \u00f6nemlisi de i\u00e7 meseleleri halk\u0131na b\u0131rakmas\u0131, Kendi i\u015flerini kendileri y\u00f6netebiliyorlar ve biz sadece onlar\u0131n \u00fclkelerine d\u0131\u015f m\u00fcdahaleyi engellemek ve talep edildi\u011finde onlara \u00f6zel olarak yard\u0131mc\u0131 olmak zorunday\u0131z. Suriye&#8217;nin d\u00fcn\u00fc, bug\u00fcn\u00fc ve gelece\u011fi Arabizm&#8217;dir ama aidiyet Arabizm&#8217;idir, kucaklama Arabizm&#8217;i de\u011fil. Sar\u0131lmalar gelip ge\u00e7icidir ama ba\u011fl\u0131l\u0131k kal\u0131c\u0131d\u0131r.\u0130nsan bir kucakla\u015fmadan di\u011ferine bir nedenle ge\u00e7ebilir ama ili\u015fkisini de\u011fi\u015ftirmez; kim onu \u200b\u200bde\u011fi\u015ftirirse, her \u015feyden \u00f6nce \u015firksizdir ve kalbe d\u00fc\u015fen koynunda kalmaz ve Arapl\u0131\u011f\u0131n kalbi Suriye&#8217;dir ve kalbindedir.<\/p>\n<p>Bu zirveyi \u00e7alkant\u0131l\u0131 bir d\u00fcnyada yap\u0131yoruz. Bu zirvede zirveye ula\u015fan Arap-Arap, b\u00f6lgesel ve uluslararas\u0131 yak\u0131nla\u015fma \u0131\u015f\u0131\u011f\u0131nda umut art\u0131yor.Sava\u015f ve y\u0131k\u0131m yerine kalk\u0131nma ve refah i\u00e7in b\u00f6lgemizde bar\u0131\u015f i\u00e7in aram\u0131zda dayan\u0131\u015fma i\u00e7in Arap eyleminin yeni bir a\u015famas\u0131n\u0131n ba\u015flang\u0131c\u0131 olaca\u011f\u0131n\u0131 umuyorum.<\/p>\n<p>S\u00f6zler i\u00e7in ayr\u0131lan be\u015f dakikan\u0131n taahh\u00fcd\u00fc. Suriye&#8217;ye olan derin sevgilerini ifade eden heyet ba\u015fkanlar\u0131na derin te\u015fekk\u00fcrlerimi sunuyor, onlara kar\u015f\u0131l\u0131k veriyor, ayr\u0131ca \u0130ki Mescid-i Haram&#8217;\u0131n Koruyucusu&#8217;na, oynad\u0131\u011f\u0131 b\u00fcy\u00fck rol ve uzla\u015fma yolunda g\u00f6sterdi\u011fi yo\u011fun \u00e7abalar i\u00e7in te\u015fekk\u00fcr ediyorum. b\u00f6lgemizde ve bu zirvenin ba\u015far\u0131s\u0131 i\u00e7in. Kendisine, Ekselanslar\u0131 Veliaht Prens&#8217;e ve karde\u015f Suudi halk\u0131na ilerleme ve refah\u0131n devam etmesini diliyorum ve Tanr\u0131&#8217;n\u0131n bar\u0131\u015f\u0131 ve rahmeti \u00fczerinize olsun.&#8221;<\/p>\n<p>&nbsp;<\/p>\n<p>R.M.<\/p>\n<p><a href=\"https:\/\/t.me\/SuriyeArapHaberAjansI\">Telegram Kanal\u0131m\u0131z\u00a0<\/a><\/p>\n<p><a href=\"https:\/\/www.facebook.com\/SANAHaberAjansi\/\">Facebook Sayfam\u0131z<\/a><\/p>\n","protected":false},"excerpt":{"rendered":"<p>C\u0130DDE &#8211; Say\u0131n Cumhurba\u015fkan\u0131 Be\u015f\u015far Esad, Suudi Arabistan&#8217;\u0131n Cidde kentinde d\u00fczenlenen Arap Devletleri Birli\u011fi Zirvesi&#8217;nin 32. toplant\u0131s\u0131nda Suriye konu\u015fmas\u0131n\u0131 yapt\u0131. \u0130\u015fte konu\u015fmas\u0131n\u0131n tam metni: &#8216;&#8216;Prens Muhammed bin Selman, Suudi Arabistan Krall\u0131\u011f\u0131 Veliaht Prensi, Majesteleri, H\u00fck\u00fcmdarlar ve Ekselanslar\u0131, Han\u0131mefendiler ve Beyefendiler\u2026Bir insan, tehlikeler art\u0131k yak\u0131n olmay\u0131p fark\u0131na vard\u0131\u011f\u0131nda konu\u015fmas\u0131na nereden ba\u015flar? Ba\u015far\u0131y\u0131 ve eylemi motive eden &hellip;<\/p>\n","protected":false},"author":41,"featured_media":281101,"comment_status":"closed","ping_status":"closed","sticky":false,"template":"","format":"standard","meta":{"footnotes":""},"categories":[606,605,17988],"tags":[],"class_list":["post-281093","post","type-post","status-publish","format-standard","has-post-thumbnail","","category-cumhurbaskani","category-sayin-cumhurbaskani","category-son-haberler"],"_links":{"self":[{"href":"https:\/\/archive.sana.sy\/tr\/index.php?rest_route=\/wp\/v2\/posts\/281093","targetHints":{"allow":["GET"]}}],"collection":[{"href":"https:\/\/archive.sana.sy\/tr\/index.php?rest_route=\/wp\/v2\/posts"}],"about":[{"href":"https:\/\/archive.sana.sy\/tr\/index.php?rest_route=\/wp\/v2\/types\/post"}],"author":[{"embeddable":true,"href":"https:\/\/archive.sana.sy\/tr\/index.php?rest_route=\/wp\/v2\/users\/41"}],"replies":[{"embeddable":true,"href":"https:\/\/archive.sana.sy\/tr\/index.php?rest_route=%2Fwp%2Fv2%2Fcomments&post=281093"}],"version-history":[{"count":0,"href":"https:\/\/archive.sana.sy\/tr\/index.php?rest_route=\/wp\/v2\/posts\/281093\/revisions"}],"wp:featuredmedia":[{"embeddable":true,"href":"https:\/\/archive.sana.sy\/tr\/index.php?rest_route=\/wp\/v2\/media\/281101"}],"wp:attachment":[{"href":"https:\/\/archive.sana.sy\/tr\/index.php?rest_route=%2Fwp%2Fv2%2Fmedia&parent=281093"}],"wp:term":[{"taxonomy":"category","embeddable":true,"href":"https:\/\/archive.sana.sy\/tr\/index.php?rest_route=%2Fwp%2Fv2%2Fcategories&post=281093"},{"taxonomy":"post_tag","embeddable":true,"href":"https:\/\/archive.sana.sy\/tr\/index.php?rest_route=%2Fwp%2Fv2%2Ftags&post=281093"}],"curies":[{"name":"wp","href":"https:\/\/api.w.org\/{rel}","templated":true}]}}