{"id":281099,"date":"2023-05-19T17:11:44","date_gmt":"2023-05-19T14:11:44","guid":{"rendered":"http:\/\/sana.sy\/tr\/?p=281099"},"modified":"2023-05-19T17:21:20","modified_gmt":"2023-05-19T14:21:20","slug":"prens-muhammed-bin-selman-bugun-cumhurbaskani-besar-esadin-bu-zirveye-katilimindan-memnuniyet-duyuyoruz-suriyenin-arap-birligine-donusunun-suriyeyi-destekleyecegini-ve-guvenligini-artiracagi","status":"publish","type":"post","link":"https:\/\/archive.sana.sy\/tr\/?p=281099","title":{"rendered":"Prens Muhammed Bin Selman: Bug\u00fcn Cumhurba\u015fkan\u0131 Be\u015far Esad&#8217;\u0131n bu zirveye kat\u0131l\u0131m\u0131ndan memnuniyet duyuyoruz. Suriye&#8217;nin Arap Birli\u011fi&#8217;ne d\u00f6n\u00fc\u015f\u00fcn\u00fcn Suriye&#8217;yi destekleyece\u011fini ve g\u00fcvenli\u011fini art\u0131raca\u011f\u0131n\u0131 umuyoruz."},"content":{"rendered":"","protected":false},"excerpt":{"rendered":"","protected":false},"author":41,"featured_media":0,"comment_status":"closed","ping_status":"closed","sticky":false,"template":"","format":"standard","meta":{"footnotes":""},"categories":[1],"tags":[],"class_list":["post-281099","post","type-post","status-publish","format-standard","","category-news-not-sorted"],"_links":{"self":[{"href":"https:\/\/archive.sana.sy\/tr\/index.php?rest_route=\/wp\/v2\/posts\/281099","targetHints":{"allow":["GET"]}}],"collection":[{"href":"https:\/\/archive.sana.sy\/tr\/index.php?rest_route=\/wp\/v2\/posts"}],"about":[{"href":"https:\/\/archive.sana.sy\/tr\/index.php?rest_route=\/wp\/v2\/types\/post"}],"author":[{"embeddable":true,"href":"https:\/\/archive.sana.sy\/tr\/index.php?rest_route=\/wp\/v2\/users\/41"}],"replies":[{"embeddable":true,"href":"https:\/\/archive.sana.sy\/tr\/index.php?rest_route=%2Fwp%2Fv2%2Fcomments&post=281099"}],"version-history":[{"count":0,"href":"https:\/\/archive.sana.sy\/tr\/index.php?rest_route=\/wp\/v2\/posts\/281099\/revisions"}],"wp:attachment":[{"href":"https:\/\/archive.sana.sy\/tr\/index.php?rest_route=%2Fwp%2Fv2%2Fmedia&parent=281099"}],"wp:term":[{"taxonomy":"category","embeddable":true,"href":"https:\/\/archive.sana.sy\/tr\/index.php?rest_route=%2Fwp%2Fv2%2Fcategories&post=281099"},{"taxonomy":"post_tag","embeddable":true,"href":"https:\/\/archive.sana.sy\/tr\/index.php?rest_route=%2Fwp%2Fv2%2Ftags&post=281099"}],"curies":[{"name":"wp","href":"https:\/\/api.w.org\/{rel}","templated":true}]}}