{"id":281178,"date":"2023-05-21T11:53:00","date_gmt":"2023-05-21T08:53:00","guid":{"rendered":"http:\/\/sana.sy\/tr\/?p=281178"},"modified":"2023-05-22T08:43:21","modified_gmt":"2023-05-22T05:43:21","slug":"seffaflik-icin-umut-sloganiyla-gazeteciler-sendikasi-konseyinin-yedinci-secim-oturumunda-yaptigi-toplanti","status":"publish","type":"post","link":"https:\/\/archive.sana.sy\/tr\/?p=281178","title":{"rendered":"(\u015eeffafl\u0131k \u0130\u00e7in Umut) Slogan\u0131yla.. Gazeteciler Sendikas\u0131 Konseyi&#8217;nin Yedinci Se\u00e7im Oturumunda Yapt\u0131\u011f\u0131 Toplant\u0131"},"content":{"rendered":"<p>(\u015eeffafl\u0131k \u0130\u00e7in Umut) slogan\u0131yla Gazeteciler Sendikas\u0131 Konseyi&#8217;nin yedinci se\u00e7im oturumu bug\u00fcn \u015eam&#8217;daki Esad K\u00fct\u00fcphanesi&#8217;nde icra dairesi ba\u015fkan\u0131 ve \u00fcyeleri ile Birlik Konseyi \u00fcyelerinin huzurunda yap\u0131l\u0131yor.<\/p>\n<p><a href=\"https:\/\/t.me\/SuriyeArapHaberAjansI\">Telegram Kanal\u0131m\u0131z\u00a0<\/a><\/p>\n<p><a href=\"https:\/\/www.facebook.com\/SANAHaberAjansi\/\">Facebook Sayfam\u0131z<\/a><\/p>\n<div id='gallery-1' class='gallery galleryid-281178 gallery-columns-1 gallery-size-full'><figure class='gallery-item'>\n\t\t\t<div class='gallery-icon landscape'>\n\t\t\t\t<a href='https:\/\/archive.sana.sy\/tr\/wp-content\/uploads\/2023\/05\/1-1.jpeg'><img loading=\"lazy\" decoding=\"async\" width=\"660\" height=\"370\" src=\"https:\/\/archive.sana.sy\/tr\/wp-content\/uploads\/2023\/05\/1-1.jpeg\" class=\"attachment-full size-full\" alt=\"\" srcset=\"https:\/\/archive.sana.sy\/tr\/wp-content\/uploads\/2023\/05\/1-1.jpeg 660w, https:\/\/archive.sana.sy\/tr\/wp-content\/uploads\/2023\/05\/1-1-300x168.jpeg 300w\" sizes=\"auto, (max-width: 660px) 100vw, 660px\" \/><\/a>\n\t\t\t<\/div><\/figure>\n\t\t<\/div>\n\n","protected":false},"excerpt":{"rendered":"<p>(\u015eeffafl\u0131k \u0130\u00e7in Umut) slogan\u0131yla Gazeteciler Sendikas\u0131 Konseyi&#8217;nin yedinci se\u00e7im oturumu bug\u00fcn \u015eam&#8217;daki Esad K\u00fct\u00fcphanesi&#8217;nde icra dairesi ba\u015fkan\u0131 ve \u00fcyeleri ile Birlik Konseyi \u00fcyelerinin huzurunda yap\u0131l\u0131yor. Telegram Kanal\u0131m\u0131z\u00a0 Facebook Sayfam\u0131z<\/p>\n","protected":false},"author":36,"featured_media":281180,"comment_status":"closed","ping_status":"closed","sticky":false,"template":"","format":"standard","meta":{"footnotes":""},"categories":[479,17988,478],"tags":[],"class_list":["post-281178","post","type-post","status-publish","format-standard","has-post-thumbnail","","category-haberler-yerel","category-son-haberler","category-yerel"],"_links":{"self":[{"href":"https:\/\/archive.sana.sy\/tr\/index.php?rest_route=\/wp\/v2\/posts\/281178","targetHints":{"allow":["GET"]}}],"collection":[{"href":"https:\/\/archive.sana.sy\/tr\/index.php?rest_route=\/wp\/v2\/posts"}],"about":[{"href":"https:\/\/archive.sana.sy\/tr\/index.php?rest_route=\/wp\/v2\/types\/post"}],"author":[{"embeddable":true,"href":"https:\/\/archive.sana.sy\/tr\/index.php?rest_route=\/wp\/v2\/users\/36"}],"replies":[{"embeddable":true,"href":"https:\/\/archive.sana.sy\/tr\/index.php?rest_route=%2Fwp%2Fv2%2Fcomments&post=281178"}],"version-history":[{"count":0,"href":"https:\/\/archive.sana.sy\/tr\/index.php?rest_route=\/wp\/v2\/posts\/281178\/revisions"}],"wp:featuredmedia":[{"embeddable":true,"href":"https:\/\/archive.sana.sy\/tr\/index.php?rest_route=\/wp\/v2\/media\/281180"}],"wp:attachment":[{"href":"https:\/\/archive.sana.sy\/tr\/index.php?rest_route=%2Fwp%2Fv2%2Fmedia&parent=281178"}],"wp:term":[{"taxonomy":"category","embeddable":true,"href":"https:\/\/archive.sana.sy\/tr\/index.php?rest_route=%2Fwp%2Fv2%2Fcategories&post=281178"},{"taxonomy":"post_tag","embeddable":true,"href":"https:\/\/archive.sana.sy\/tr\/index.php?rest_route=%2Fwp%2Fv2%2Ftags&post=281178"}],"curies":[{"name":"wp","href":"https:\/\/api.w.org\/{rel}","templated":true}]}}