{"id":281182,"date":"2023-05-21T15:00:03","date_gmt":"2023-05-21T12:00:03","guid":{"rendered":"http:\/\/sana.sy\/tr\/?p=281182"},"modified":"2023-05-22T08:43:27","modified_gmt":"2023-05-22T05:43:27","slug":"iki-rus-gazeteci-suriyenin-arap-birligindeki-onemine-ve-cumhurbaskani-esadin-oncu-rolune-vurgu-yapti","status":"publish","type":"post","link":"https:\/\/archive.sana.sy\/tr\/?p=281182","title":{"rendered":"\u0130ki Rus Gazeteci, Suriye&#8217;nin Arap Birli\u011fi&#8217;ndeki \u00d6nemine Ve Cumhurba\u015fkan\u0131 Esad&#8217;\u0131n \u00d6nc\u00fc Rol\u00fcne Vurgu Yapt\u0131"},"content":{"rendered":"<p><strong>MOSKOVA<\/strong> &#8211; Avrasya Medya Merkezi ba\u015fkan\u0131 Rus gazeteci ve siyasi analist Alexey Pilko, Cumhurba\u015fkan\u0131 Be\u015far Esad&#8217;\u0131n \u00f6nc\u00fc rol\u00fcn\u00fcn ter\u00f6rist sald\u0131r\u0131 ba\u011flam\u0131nda Suriye i\u00e7in pop\u00fcler zaferlerle sonu\u00e7land\u0131\u011f\u0131n\u0131 vurgulad\u0131.<\/p>\n<p><img loading=\"lazy\" decoding=\"async\" class=\"size-full wp-image-281184 alignright\" src=\"http:\/\/sana.sy\/tr\/wp-content\/uploads\/2023\/05\/photo_2023-05-21_11-04-43-1-243x300-1.jpg\" alt=\"\" width=\"243\" height=\"300\" \/>Bilko, bug\u00fcn Moskova&#8217;da SANA muhabirine verdi\u011fi r\u00f6portajda, Suriye&#8217;nin Arap Ligi&#8217;ndeki rol\u00fcn\u00fc oynamaya geri d\u00f6nmesinin, Suriye halk\u0131n\u0131n ter\u00f6re kar\u015f\u0131 kazand\u0131\u011f\u0131 zaferlerin arka plan\u0131nda oldu\u011funa ve Arap Birli\u011fi&#8217;nin b\u00f6lgesel bir merkez olma rol\u00fcn\u00fc harekete ge\u00e7irdi\u011fine dikkat \u00e7ekti.<\/p>\n<p>Rus gazeteci, son y\u0131llarda iki \u00fclkeyi tam siyasi ve askeri m\u00fcttefik haline getiren y\u00fcksek d\u00fczeyde Suriye-Rus ili\u015fkilerine i\u015faret etti.<\/p>\n<p>Rus gazeteci ayr\u0131ca, ge\u00e7en Cuma g\u00fcn\u00fc Cidde&#8217;de sona eren Arap zirvesinde Suriye&#8217;nin se\u00e7kin diplomatik faaliyetine de dikkat \u00e7ekti.<\/p>\n<p>Benzer bir r\u00f6portajda, merkezi Rus televizyon kanal\u0131nda siyasi yorumcu olan Roman Perevizintsev, Suriye&#8217;nin Arap Devletleri Ligi&#8217;ne geri d\u00f6nmesinin \u00f6nemini vurgulayarak, d\u00fcnyan\u0131n \u00e7ok kutuplu hale geldi\u011fine, ulusal \u00e7\u0131karlar\u0131n\u0131 \u00f6nemsedi\u011fine, birden fazla dil konu\u015ftu\u011funa ve art\u0131k Anglo-Sakson kutbuna tabi olmad\u0131\u011f\u0131na i\u015faret etti.<\/p>\n<p>Perevizintsev, Arap Devletleri Ligi&#8217;nin Suriye&#8217;nin ba\u011f\u0131ms\u0131z bir b\u00f6lgesel siyasi ve ekonomik merkez olma rol\u00fcn\u00fc <img loading=\"lazy\" decoding=\"async\" class=\"size-full wp-image-281185 alignright\" src=\"http:\/\/sana.sy\/tr\/wp-content\/uploads\/2023\/05\/\u0631\u0648\u0645\u0627\u0646-\u0628\u064a\u0631\u064a\u0641\u064a\u0632\u064a\u0646\u062a\u0633\u064a\u0641-\u0627\u0644\u0645\u0639\u0644\u0642-\u0627\u0644\u0633\u064a\u0627\u0633\u064a-\u0641\u064a-\u0642\u0646\u0627\u0629-\u062a\u064a-\u0641\u064a-\u062a\u0633-\u0627\u0644\u0631\u0648\u0633\u064a\u0629-\u0627\u0644\u0645\u0631\u0643\u0632\u064a\u0629-300x170-1.jpg\" alt=\"\" width=\"300\" height=\"170\" \/>yeniden tesis etmesini umdu\u011funu ifade etti.<\/p>\n<p>Rus gazeteci, Cumhurba\u015fkan\u0131 Esad&#8217;\u0131n Arap Zirvesi&#8217;ne kat\u0131l\u0131m\u0131 s\u0131ras\u0131nda g\u00f6rd\u00fc\u011f\u00fc s\u0131cak kar\u015f\u0131lamaya dikkat \u00e7ekerken, bunun b\u00f6lge halklar\u0131 aras\u0131na nifak tohumlar\u0131 ekmeye al\u0131\u015fm\u0131\u015f ABD ve Avrupa \u00fclkelerine a\u00e7\u0131k bir mesaj oldu\u011fu kaydetti.<\/p>\n<p>Perevizintsev, b\u00f6lge \u00fclkelerinin bug\u00fcn daha cesur oldu\u011funu ve kollektif Bat\u0131&#8217;n\u0131n Arap \u00fclkeleri aras\u0131na a\u00e7t\u0131\u011f\u0131 t\u00fcm engelleri kald\u0131rabilecek, ba\u011f\u0131ms\u0131zl\u0131klar\u0131n\u0131 ve \u00f6zg\u00fcrl\u00fcklerini tasdik edecek kapasitede olduklar\u0131n\u0131 vurgulad\u0131.<\/p>\n<p>R.M.<\/p>\n<p><a href=\"https:\/\/t.me\/SuriyeArapHaberAjansI\">Telegram Kanal\u0131m\u0131z\u00a0<\/a><\/p>\n<p><a href=\"https:\/\/www.facebook.com\/SANAHaberAjansi\/\">Facebook Sayfam\u0131z<\/a><\/p>\n","protected":false},"excerpt":{"rendered":"<p>MOSKOVA &#8211; Avrasya Medya Merkezi ba\u015fkan\u0131 Rus gazeteci ve siyasi analist Alexey Pilko, Cumhurba\u015fkan\u0131 Be\u015far Esad&#8217;\u0131n \u00f6nc\u00fc rol\u00fcn\u00fcn ter\u00f6rist sald\u0131r\u0131 ba\u011flam\u0131nda Suriye i\u00e7in pop\u00fcler zaferlerle sonu\u00e7land\u0131\u011f\u0131n\u0131 vurgulad\u0131. Bilko, bug\u00fcn Moskova&#8217;da SANA muhabirine verdi\u011fi r\u00f6portajda, Suriye&#8217;nin Arap Ligi&#8217;ndeki rol\u00fcn\u00fc oynamaya geri d\u00f6nmesinin, Suriye halk\u0131n\u0131n ter\u00f6re kar\u015f\u0131 kazand\u0131\u011f\u0131 zaferlerin arka plan\u0131nda oldu\u011funa ve Arap Birli\u011fi&#8217;nin b\u00f6lgesel bir &hellip;<\/p>\n","protected":false},"author":41,"featured_media":281183,"comment_status":"closed","ping_status":"closed","sticky":false,"template":"","format":"standard","meta":{"footnotes":""},"categories":[458,459,17988],"tags":[],"class_list":["post-281182","post","type-post","status-publish","format-standard","has-post-thumbnail","","category-dunya1","category-haberler-arap-uluslararasi-politika","category-son-haberler"],"_links":{"self":[{"href":"https:\/\/archive.sana.sy\/tr\/index.php?rest_route=\/wp\/v2\/posts\/281182","targetHints":{"allow":["GET"]}}],"collection":[{"href":"https:\/\/archive.sana.sy\/tr\/index.php?rest_route=\/wp\/v2\/posts"}],"about":[{"href":"https:\/\/archive.sana.sy\/tr\/index.php?rest_route=\/wp\/v2\/types\/post"}],"author":[{"embeddable":true,"href":"https:\/\/archive.sana.sy\/tr\/index.php?rest_route=\/wp\/v2\/users\/41"}],"replies":[{"embeddable":true,"href":"https:\/\/archive.sana.sy\/tr\/index.php?rest_route=%2Fwp%2Fv2%2Fcomments&post=281182"}],"version-history":[{"count":0,"href":"https:\/\/archive.sana.sy\/tr\/index.php?rest_route=\/wp\/v2\/posts\/281182\/revisions"}],"wp:featuredmedia":[{"embeddable":true,"href":"https:\/\/archive.sana.sy\/tr\/index.php?rest_route=\/wp\/v2\/media\/281183"}],"wp:attachment":[{"href":"https:\/\/archive.sana.sy\/tr\/index.php?rest_route=%2Fwp%2Fv2%2Fmedia&parent=281182"}],"wp:term":[{"taxonomy":"category","embeddable":true,"href":"https:\/\/archive.sana.sy\/tr\/index.php?rest_route=%2Fwp%2Fv2%2Fcategories&post=281182"},{"taxonomy":"post_tag","embeddable":true,"href":"https:\/\/archive.sana.sy\/tr\/index.php?rest_route=%2Fwp%2Fv2%2Ftags&post=281182"}],"curies":[{"name":"wp","href":"https:\/\/api.w.org\/{rel}","templated":true}]}}