{"id":281187,"date":"2023-05-21T15:21:50","date_gmt":"2023-05-21T12:21:50","guid":{"rendered":"http:\/\/sana.sy\/tr\/?p=281187"},"modified":"2023-05-22T08:43:34","modified_gmt":"2023-05-22T05:43:34","slug":"basbakan-arnus-gorevinin-sona-ermesi-vesilesiyle-samdaki-cezayir-buyukelcisi-ile-gorustu","status":"publish","type":"post","link":"https:\/\/archive.sana.sy\/tr\/?p=281187","title":{"rendered":"Ba\u015fbakan Arnus, G\u00f6revinin Sona Ermesi Vesilesiyle \u015eam&#8217;daki Cezayir B\u00fcy\u00fckel\u00e7isi \u0130le G\u00f6r\u00fc\u015ft\u00fc"},"content":{"rendered":"<p><strong>\u015eAM<\/strong> \u2013 Ba\u015fbakan H\u00fcseyin Arnus, \u00fclkesinin Suriye B\u00fcy\u00fckel\u00e7isi olarak g\u00f6revinin sona ermesi m\u00fcnasebetiyle bug\u00fcn <img loading=\"lazy\" decoding=\"async\" class=\"size-full wp-image-281189 alignright\" src=\"http:\/\/sana.sy\/tr\/wp-content\/uploads\/2023\/05\/DHS04304-300x196-1.jpg\" alt=\"\" width=\"300\" height=\"196\" \/>Cezayir&#8217;in \u015eam B\u00fcy\u00fckel\u00e7isi Hasan Tohami ile bir araya geldi.<\/p>\n<p>G\u00f6r\u00fc\u015fmede iki \u00fclke ve iki karde\u015f halk aras\u0131ndaki tarihi ili\u015fkilerin g\u00fcc\u00fc ve ortak Arap i\u015f birli\u011fi pozisyonlar\u0131n\u0131n g\u00fc\u00e7lendirilmesi a\u00e7\u0131s\u0131ndan Cezayir&#8217;in b\u00fcy\u00fck rol\u00fcn\u00fcn \u00f6nemi vurguland\u0131 ve ekonominin ve enerji ta\u015f\u0131y\u0131c\u0131lar\u0131n\u0131n \u00e7e\u015fitli alanlar\u0131nda ikili i\u015fbirli\u011finin g\u00fc\u00e7lendirilmesi, ticaret al\u0131\u015fveri\u015finin art\u0131r\u0131lmas\u0131, ili\u015fkilerde yeni ufuklar a\u00e7\u0131lmas\u0131 ve her iki taraf\u0131n kar\u015f\u0131l\u0131kl\u0131 \u00e7\u0131karlar\u0131 i\u00e7in daha fazla \u00e7aba ve koordinasyon g\u00f6sterilmesi gere\u011fi kaydedildi.<\/p>\n<p>Ba\u015fbakan, Cezayir liderli\u011fine ve halk\u0131na, depremin yans\u0131malar\u0131yla y\u00fczle\u015fmede Suriye&#8217;nin yan\u0131nda yer alan ve yard\u0131m ekipleri g\u00f6nderme ve afetzedelere yard\u0131m sa\u011flama giri\u015fimi i\u00e7in te\u015fekk\u00fcrlerini dile getirirken, iki \u00fclke ve halklar aras\u0131ndaki se\u00e7kin ili\u015fkilere dikkat \u00e7ekti.<\/p>\n<p>Cezayir B\u00fcy\u00fckel\u00e7isi ise \u00fclkesinin Suriye halk\u0131na her t\u00fcrl\u00fc deste\u011fi ve yard\u0131m\u0131 sa\u011flamaya devam edece\u011fini vurgulayarak, Suriye&#8217;nin bir g\u00fcvenlik, emniyet ve \u00fcretim \u00fclkesi olarak b\u00f6lgesel ve uluslararas\u0131 d\u00fczeyde do\u011fal stat\u00fcs\u00fcne d\u00f6n\u00fc\u015f yolunda ilerlemekte oldu\u011funu g\u00f6rmekten duydu\u011fu mutlulu\u011fu dile getirdi.<\/p>\n<p>&nbsp;<\/p>\n<p>R.M.<\/p>\n<p><a href=\"https:\/\/t.me\/SuriyeArapHaberAjansI\">Telegram Kanal\u0131m\u0131z\u00a0<\/a><\/p>\n<p><a href=\"https:\/\/www.facebook.com\/SANAHaberAjansi\/\">Facebook Sayfam\u0131z<\/a><\/p>\n","protected":false},"excerpt":{"rendered":"<p>\u015eAM \u2013 Ba\u015fbakan H\u00fcseyin Arnus, \u00fclkesinin Suriye B\u00fcy\u00fckel\u00e7isi olarak g\u00f6revinin sona ermesi m\u00fcnasebetiyle bug\u00fcn Cezayir&#8217;in \u015eam B\u00fcy\u00fckel\u00e7isi Hasan Tohami ile bir araya geldi. G\u00f6r\u00fc\u015fmede iki \u00fclke ve iki karde\u015f halk aras\u0131ndaki tarihi ili\u015fkilerin g\u00fcc\u00fc ve ortak Arap i\u015f birli\u011fi pozisyonlar\u0131n\u0131n g\u00fc\u00e7lendirilmesi a\u00e7\u0131s\u0131ndan Cezayir&#8217;in b\u00fcy\u00fck rol\u00fcn\u00fcn \u00f6nemi vurguland\u0131 ve ekonominin ve enerji ta\u015f\u0131y\u0131c\u0131lar\u0131n\u0131n \u00e7e\u015fitli alanlar\u0131nda ikili &hellip;<\/p>\n","protected":false},"author":41,"featured_media":281188,"comment_status":"closed","ping_status":"closed","sticky":false,"template":"","format":"standard","meta":{"footnotes":""},"categories":[479,17988,478],"tags":[],"class_list":["post-281187","post","type-post","status-publish","format-standard","has-post-thumbnail","","category-haberler-yerel","category-son-haberler","category-yerel"],"_links":{"self":[{"href":"https:\/\/archive.sana.sy\/tr\/index.php?rest_route=\/wp\/v2\/posts\/281187","targetHints":{"allow":["GET"]}}],"collection":[{"href":"https:\/\/archive.sana.sy\/tr\/index.php?rest_route=\/wp\/v2\/posts"}],"about":[{"href":"https:\/\/archive.sana.sy\/tr\/index.php?rest_route=\/wp\/v2\/types\/post"}],"author":[{"embeddable":true,"href":"https:\/\/archive.sana.sy\/tr\/index.php?rest_route=\/wp\/v2\/users\/41"}],"replies":[{"embeddable":true,"href":"https:\/\/archive.sana.sy\/tr\/index.php?rest_route=%2Fwp%2Fv2%2Fcomments&post=281187"}],"version-history":[{"count":0,"href":"https:\/\/archive.sana.sy\/tr\/index.php?rest_route=\/wp\/v2\/posts\/281187\/revisions"}],"wp:featuredmedia":[{"embeddable":true,"href":"https:\/\/archive.sana.sy\/tr\/index.php?rest_route=\/wp\/v2\/media\/281188"}],"wp:attachment":[{"href":"https:\/\/archive.sana.sy\/tr\/index.php?rest_route=%2Fwp%2Fv2%2Fmedia&parent=281187"}],"wp:term":[{"taxonomy":"category","embeddable":true,"href":"https:\/\/archive.sana.sy\/tr\/index.php?rest_route=%2Fwp%2Fv2%2Fcategories&post=281187"},{"taxonomy":"post_tag","embeddable":true,"href":"https:\/\/archive.sana.sy\/tr\/index.php?rest_route=%2Fwp%2Fv2%2Ftags&post=281187"}],"curies":[{"name":"wp","href":"https:\/\/api.w.org\/{rel}","templated":true}]}}