{"id":281191,"date":"2023-05-21T16:25:35","date_gmt":"2023-05-21T13:25:35","guid":{"rendered":"http:\/\/sana.sy\/tr\/?p=281191"},"modified":"2023-05-22T08:43:38","modified_gmt":"2023-05-22T05:43:38","slug":"suriyenin-katilimiyla-arap-saglik-bakanlari-konseyi-59-toplantisini-cenevrede-gerceklestirdi","status":"publish","type":"post","link":"https:\/\/archive.sana.sy\/tr\/?p=281191","title":{"rendered":"Suriye&#8217;nin Kat\u0131l\u0131m\u0131yla.. Arap Sa\u011fl\u0131k Bakanlar\u0131 Konseyi 59. Toplant\u0131s\u0131n\u0131 Cenevre&#8217;de Ger\u00e7ekle\u015ftirdi"},"content":{"rendered":"<p><strong>\u015eAM<\/strong> &#8211; Sa\u011fl\u0131k Bakan\u0131 Dr. Hasan Gabba\u015f, D\u00fcnya Sa\u011fl\u0131k \u00d6rg\u00fct\u00fc&#8217;n\u00fcn 76. oturumu kapsam\u0131nda Cenevre&#8217;de d\u00fczenlenen Arap Sa\u011fl\u0131k Bakanlar\u0131 Konseyi&#8217;nin 59. ola\u011fan toplant\u0131s\u0131na kat\u0131ld\u0131 Sa\u011fl\u0131k Meclisi bug\u00fcn ba\u015flad\u0131.<\/p>\n<p>Toplant\u0131da, Do\u011fu Kud\u00fcs ve i\u015fgal edilen Suriye Golan dahil olmak \u00fczere i\u015fgal alt\u0131ndaki Filistin topraklar\u0131ndaki sa\u011fl\u0131k ko\u015fullar\u0131na ili\u015fkin bir karar tasla\u011f\u0131 da dahil olmak \u00fczere g\u00fcndem kabul edildi.<\/p>\n<p>Toplant\u0131 s\u0131ras\u0131nda yapt\u0131\u011f\u0131 konu\u015fmada Dr. Gabba\u015f, sa\u011fl\u0131k alan\u0131nda ortak Arap i\u015fbirli\u011fini te\u015fvik etmek ve geli\u015ftirmek ve Arap sa\u011fl\u0131k g\u00fcvenli\u011fini s\u00fcrd\u00fcrmek i\u00e7in istenen entegrasyonu sa\u011flamak i\u00e7in i\u015fbirli\u011fini art\u0131rmada bir ad\u0131m olarak toplant\u0131n\u0131n \u00f6nemini a\u00e7\u0131klad\u0131.<\/p>\n<p>Suriye&#8217;nin ge\u00e7mi\u015fte ya\u015fananlar\u0131n \u00fcstesinden gelmek i\u00e7in karde\u015flerinin ve dostlar\u0131n\u0131n deste\u011fini ve yan\u0131nda olmalar\u0131n\u0131 \u00e7ok takdir etti\u011fini belirten Dri Gabba\u015f, Suriye&#8217;nin vatanda\u015flar\u0131m\u0131za hizmet etmeye ve Arap sa\u011fl\u0131k sekt\u00f6r\u00fcn\u00fcn seviyesini y\u00fckseltmeye katk\u0131da bulunacak \u015fekilde yan yana \u00e7al\u0131\u015fma taahh\u00fcd\u00fcn\u00fc vurgulayarak toplant\u0131n\u0131n ba\u015far\u0131s\u0131 i\u00e7in \u00fcmidini dile getirdi.<\/p>\n<p>R.M.<\/p>\n<p><a href=\"https:\/\/t.me\/SuriyeArapHaberAjansI\">Telegram Kanal\u0131m\u0131z\u00a0<\/a><\/p>\n<p><a href=\"https:\/\/www.facebook.com\/SANAHaberAjansi\/\">Facebook Sayfam\u0131z<\/a><\/p>\n","protected":false},"excerpt":{"rendered":"<p>\u015eAM &#8211; Sa\u011fl\u0131k Bakan\u0131 Dr. Hasan Gabba\u015f, D\u00fcnya Sa\u011fl\u0131k \u00d6rg\u00fct\u00fc&#8217;n\u00fcn 76. oturumu kapsam\u0131nda Cenevre&#8217;de d\u00fczenlenen Arap Sa\u011fl\u0131k Bakanlar\u0131 Konseyi&#8217;nin 59. ola\u011fan toplant\u0131s\u0131na kat\u0131ld\u0131 Sa\u011fl\u0131k Meclisi bug\u00fcn ba\u015flad\u0131. Toplant\u0131da, Do\u011fu Kud\u00fcs ve i\u015fgal edilen Suriye Golan dahil olmak \u00fczere i\u015fgal alt\u0131ndaki Filistin topraklar\u0131ndaki sa\u011fl\u0131k ko\u015fullar\u0131na ili\u015fkin bir karar tasla\u011f\u0131 da dahil olmak \u00fczere g\u00fcndem kabul edildi. &hellip;<\/p>\n","protected":false},"author":41,"featured_media":281192,"comment_status":"closed","ping_status":"closed","sticky":false,"template":"","format":"standard","meta":{"footnotes":""},"categories":[458,459,17988],"tags":[],"class_list":["post-281191","post","type-post","status-publish","format-standard","has-post-thumbnail","","category-dunya1","category-haberler-arap-uluslararasi-politika","category-son-haberler"],"_links":{"self":[{"href":"https:\/\/archive.sana.sy\/tr\/index.php?rest_route=\/wp\/v2\/posts\/281191","targetHints":{"allow":["GET"]}}],"collection":[{"href":"https:\/\/archive.sana.sy\/tr\/index.php?rest_route=\/wp\/v2\/posts"}],"about":[{"href":"https:\/\/archive.sana.sy\/tr\/index.php?rest_route=\/wp\/v2\/types\/post"}],"author":[{"embeddable":true,"href":"https:\/\/archive.sana.sy\/tr\/index.php?rest_route=\/wp\/v2\/users\/41"}],"replies":[{"embeddable":true,"href":"https:\/\/archive.sana.sy\/tr\/index.php?rest_route=%2Fwp%2Fv2%2Fcomments&post=281191"}],"version-history":[{"count":0,"href":"https:\/\/archive.sana.sy\/tr\/index.php?rest_route=\/wp\/v2\/posts\/281191\/revisions"}],"wp:featuredmedia":[{"embeddable":true,"href":"https:\/\/archive.sana.sy\/tr\/index.php?rest_route=\/wp\/v2\/media\/281192"}],"wp:attachment":[{"href":"https:\/\/archive.sana.sy\/tr\/index.php?rest_route=%2Fwp%2Fv2%2Fmedia&parent=281191"}],"wp:term":[{"taxonomy":"category","embeddable":true,"href":"https:\/\/archive.sana.sy\/tr\/index.php?rest_route=%2Fwp%2Fv2%2Fcategories&post=281191"},{"taxonomy":"post_tag","embeddable":true,"href":"https:\/\/archive.sana.sy\/tr\/index.php?rest_route=%2Fwp%2Fv2%2Ftags&post=281191"}],"curies":[{"name":"wp","href":"https:\/\/api.w.org\/{rel}","templated":true}]}}