{"id":281197,"date":"2023-05-21T17:23:38","date_gmt":"2023-05-21T14:23:38","guid":{"rendered":"http:\/\/sana.sy\/tr\/?p=281197"},"modified":"2023-05-22T08:43:43","modified_gmt":"2023-05-22T05:43:43","slug":"suriye-tunus-gorusmeleri-bayindirlik-ve-konut-sektorundeki-ikili-iliskinin-gercekligini-gelistirecek","status":"publish","type":"post","link":"https:\/\/archive.sana.sy\/tr\/?p=281197","title":{"rendered":"Suriye-Tunus G\u00f6r\u00fc\u015fmeleri Bay\u0131nd\u0131rl\u0131k Ve Konut Sekt\u00f6r\u00fcndeki \u0130kili \u0130li\u015fkinin Ger\u00e7ekli\u011fini Geli\u015ftirecek"},"content":{"rendered":"<p><strong>CEZAY\u0130R<\/strong> &#8211; Cezayir Halk Cumhuriyeti&#8217;nde d\u00fczenlenen bilimsel ve teknik forumun oturum aralar\u0131nda, Bay\u0131nd\u0131rl\u0131k ve \u0130skan Bakan\u0131 S\u00fchwyil Abdullatif, Tunuslu mevkida\u015f\u0131 Sarah Zaafrani El Zanzari ile iki \u00fclke aras\u0131ndaki i\u015fbirli\u011fini art\u0131rma ve deneyim al\u0131\u015fveri\u015finde bulunma mekanizmas\u0131n\u0131 g\u00f6r\u00fc\u015ft\u00fc.<\/p>\n<p>G\u00f6r\u00fc\u015fmelerde iki taraf, iki \u00fclke aras\u0131ndaki bay\u0131nd\u0131rl\u0131k i\u015fleri, konut ve ekipman sekt\u00f6rleri i\u00e7in ikili ili\u015fki ger\u00e7e\u011finin geli\u015ftirilmesine vurgu yapt\u0131.<\/p>\n<p>R.M.<\/p>\n<p><a href=\"https:\/\/t.me\/SuriyeArapHaberAjansI\">Telegram Kanal\u0131m\u0131z\u00a0<\/a><\/p>\n<p><a href=\"https:\/\/www.facebook.com\/SANAHaberAjansi\/\">Facebook Sayfam\u0131z<\/a><\/p>\n","protected":false},"excerpt":{"rendered":"<p>CEZAY\u0130R &#8211; Cezayir Halk Cumhuriyeti&#8217;nde d\u00fczenlenen bilimsel ve teknik forumun oturum aralar\u0131nda, Bay\u0131nd\u0131rl\u0131k ve \u0130skan Bakan\u0131 S\u00fchwyil Abdullatif, Tunuslu mevkida\u015f\u0131 Sarah Zaafrani El Zanzari ile iki \u00fclke aras\u0131ndaki i\u015fbirli\u011fini art\u0131rma ve deneyim al\u0131\u015fveri\u015finde bulunma mekanizmas\u0131n\u0131 g\u00f6r\u00fc\u015ft\u00fc. G\u00f6r\u00fc\u015fmelerde iki taraf, iki \u00fclke aras\u0131ndaki bay\u0131nd\u0131rl\u0131k i\u015fleri, konut ve ekipman sekt\u00f6rleri i\u00e7in ikili ili\u015fki ger\u00e7e\u011finin geli\u015ftirilmesine vurgu yapt\u0131. &hellip;<\/p>\n","protected":false},"author":41,"featured_media":281198,"comment_status":"closed","ping_status":"closed","sticky":false,"template":"","format":"standard","meta":{"footnotes":""},"categories":[458,459,17988],"tags":[],"class_list":["post-281197","post","type-post","status-publish","format-standard","has-post-thumbnail","","category-dunya1","category-haberler-arap-uluslararasi-politika","category-son-haberler"],"_links":{"self":[{"href":"https:\/\/archive.sana.sy\/tr\/index.php?rest_route=\/wp\/v2\/posts\/281197","targetHints":{"allow":["GET"]}}],"collection":[{"href":"https:\/\/archive.sana.sy\/tr\/index.php?rest_route=\/wp\/v2\/posts"}],"about":[{"href":"https:\/\/archive.sana.sy\/tr\/index.php?rest_route=\/wp\/v2\/types\/post"}],"author":[{"embeddable":true,"href":"https:\/\/archive.sana.sy\/tr\/index.php?rest_route=\/wp\/v2\/users\/41"}],"replies":[{"embeddable":true,"href":"https:\/\/archive.sana.sy\/tr\/index.php?rest_route=%2Fwp%2Fv2%2Fcomments&post=281197"}],"version-history":[{"count":0,"href":"https:\/\/archive.sana.sy\/tr\/index.php?rest_route=\/wp\/v2\/posts\/281197\/revisions"}],"wp:featuredmedia":[{"embeddable":true,"href":"https:\/\/archive.sana.sy\/tr\/index.php?rest_route=\/wp\/v2\/media\/281198"}],"wp:attachment":[{"href":"https:\/\/archive.sana.sy\/tr\/index.php?rest_route=%2Fwp%2Fv2%2Fmedia&parent=281197"}],"wp:term":[{"taxonomy":"category","embeddable":true,"href":"https:\/\/archive.sana.sy\/tr\/index.php?rest_route=%2Fwp%2Fv2%2Fcategories&post=281197"},{"taxonomy":"post_tag","embeddable":true,"href":"https:\/\/archive.sana.sy\/tr\/index.php?rest_route=%2Fwp%2Fv2%2Ftags&post=281197"}],"curies":[{"name":"wp","href":"https:\/\/api.w.org\/{rel}","templated":true}]}}