{"id":281366,"date":"2023-05-24T12:24:15","date_gmt":"2023-05-24T09:24:15","guid":{"rendered":"https:\/\/sana.sy\/tr\/?p=281366"},"modified":"2023-05-25T08:57:38","modified_gmt":"2023-05-25T05:57:38","slug":"iran-suriyeye-uygulanan-tek-tarafli-zorlayici-onlemleri-kinadigini-yineledi","status":"publish","type":"post","link":"https:\/\/archive.sana.sy\/tr\/?p=281366","title":{"rendered":"\u0130ran, Suriye&#8217;ye Uygulanan Tek Tarafl\u0131 Zorlay\u0131c\u0131 \u00d6nlemleri K\u0131nad\u0131\u011f\u0131n\u0131 Yineledi"},"content":{"rendered":"<p><strong>TAHRAN<\/strong> \u2013 \u0130ran, ABD ve m\u00fcttefikleri taraf\u0131ndan Suriye halk\u0131na uygulanan tek tarafl\u0131 yapt\u0131r\u0131mlar\u0131 ve zorlay\u0131c\u0131 \u00f6nlemleri k\u0131nad\u0131\u011f\u0131n\u0131 yineledi.<\/p>\n<p>\u0130ran Haber Ajans\u0131 (IRNA), Zehra Er\u015fadi&#8217;nin BM G\u00fcvenlik Konseyi&#8217;nin silahl\u0131 \u00e7at\u0131\u015fmalarda sivillerin korunmas\u0131, g\u0131da g\u00fcvenli\u011fi ve temel hizmetlerin korunmas\u0131 konulu bir toplant\u0131s\u0131nda yapt\u0131\u011f\u0131 konu\u015fmada: \u201cABD ve Avrupa Birli\u011fi&#8217;nin tek tarafl\u0131 yapt\u0131r\u0131mlar\u0131n\u0131n devam etmesi ve Suriye do\u011fal kaynaklar\u0131n\u0131n yasad\u0131\u015f\u0131 yabanc\u0131 g\u00fc\u00e7ler taraf\u0131ndan ya\u011fmalanmas\u0131, Suriye&#8217;deki insani durumu olumsuz etkiliyor, Suriye halk\u0131n\u0131n kar\u015f\u0131la\u015ft\u0131\u011f\u0131 zorluklar\u0131 art\u0131rd\u0131 ve h\u00fck\u00fcmetin halk\u0131na temel hizmetleri sa\u011flama kabiliyetini azaltt\u0131\u201d dedi.<\/p>\n<p>Er\u015fadi, tek tarafl\u0131 zorlay\u0131c\u0131 \u00f6nlemlerin, hayati yard\u0131m\u0131n sa\u011flanmas\u0131n\u0131 engellemenin yan\u0131 s\u0131ra, \u00f6zellikle kad\u0131n ve \u00e7ocuklar olmak \u00fczere sivilleri etkileyen g\u0131da g\u00fcvensizli\u011fi olmak \u00fczere korkun\u00e7 sonu\u00e7lar\u0131 oldu\u011funu vurgulad\u0131.<\/p>\n<p>Er\u015fadi, &#8220;\u0130srail varl\u0131\u011f\u0131, Suriye&#8217;nin egemenli\u011fine ve toprak b\u00fct\u00fcnl\u00fc\u011f\u00fcne y\u00f6nelik sald\u0131rganl\u0131\u011f\u0131n\u0131 ve ter\u00f6r sald\u0131r\u0131lar\u0131n\u0131, tam bir cezas\u0131zl\u0131kla ve uluslararas\u0131 toplumdan herhangi bir tepki veya sonu\u00e7 olmaks\u0131z\u0131n s\u00fcrd\u00fcr\u00fcyor ve bu sald\u0131r\u0131lar\u0131 reddeden uluslararas\u0131 bir pozisyon gerektiriyor&#8221; belirtti.<\/p>\n<p><a href=\"https:\/\/t.me\/SuriyeArapHaberAjansI\">Telegram Kanal\u0131m\u0131z\u00a0<\/a><\/p>\n<p><a href=\"https:\/\/www.facebook.com\/SANAHaberAjansi\/\">Facebook Sayfam\u0131z<\/a><\/p>\n","protected":false},"excerpt":{"rendered":"<p>TAHRAN \u2013 \u0130ran, ABD ve m\u00fcttefikleri taraf\u0131ndan Suriye halk\u0131na uygulanan tek tarafl\u0131 yapt\u0131r\u0131mlar\u0131 ve zorlay\u0131c\u0131 \u00f6nlemleri k\u0131nad\u0131\u011f\u0131n\u0131 yineledi. \u0130ran Haber Ajans\u0131 (IRNA), Zehra Er\u015fadi&#8217;nin BM G\u00fcvenlik Konseyi&#8217;nin silahl\u0131 \u00e7at\u0131\u015fmalarda sivillerin korunmas\u0131, g\u0131da g\u00fcvenli\u011fi ve temel hizmetlerin korunmas\u0131 konulu bir toplant\u0131s\u0131nda yapt\u0131\u011f\u0131 konu\u015fmada: \u201cABD ve Avrupa Birli\u011fi&#8217;nin tek tarafl\u0131 yapt\u0131r\u0131mlar\u0131n\u0131n devam etmesi ve Suriye do\u011fal kaynaklar\u0131n\u0131n &hellip;<\/p>\n","protected":false},"author":39,"featured_media":281367,"comment_status":"closed","ping_status":"closed","sticky":false,"template":"","format":"standard","meta":{"footnotes":""},"categories":[458,459,17988],"tags":[],"class_list":["post-281366","post","type-post","status-publish","format-standard","has-post-thumbnail","","category-dunya1","category-haberler-arap-uluslararasi-politika","category-son-haberler"],"_links":{"self":[{"href":"https:\/\/archive.sana.sy\/tr\/index.php?rest_route=\/wp\/v2\/posts\/281366","targetHints":{"allow":["GET"]}}],"collection":[{"href":"https:\/\/archive.sana.sy\/tr\/index.php?rest_route=\/wp\/v2\/posts"}],"about":[{"href":"https:\/\/archive.sana.sy\/tr\/index.php?rest_route=\/wp\/v2\/types\/post"}],"author":[{"embeddable":true,"href":"https:\/\/archive.sana.sy\/tr\/index.php?rest_route=\/wp\/v2\/users\/39"}],"replies":[{"embeddable":true,"href":"https:\/\/archive.sana.sy\/tr\/index.php?rest_route=%2Fwp%2Fv2%2Fcomments&post=281366"}],"version-history":[{"count":0,"href":"https:\/\/archive.sana.sy\/tr\/index.php?rest_route=\/wp\/v2\/posts\/281366\/revisions"}],"wp:featuredmedia":[{"embeddable":true,"href":"https:\/\/archive.sana.sy\/tr\/index.php?rest_route=\/wp\/v2\/media\/281367"}],"wp:attachment":[{"href":"https:\/\/archive.sana.sy\/tr\/index.php?rest_route=%2Fwp%2Fv2%2Fmedia&parent=281366"}],"wp:term":[{"taxonomy":"category","embeddable":true,"href":"https:\/\/archive.sana.sy\/tr\/index.php?rest_route=%2Fwp%2Fv2%2Fcategories&post=281366"},{"taxonomy":"post_tag","embeddable":true,"href":"https:\/\/archive.sana.sy\/tr\/index.php?rest_route=%2Fwp%2Fv2%2Ftags&post=281366"}],"curies":[{"name":"wp","href":"https:\/\/api.w.org\/{rel}","templated":true}]}}