{"id":281394,"date":"2023-05-24T19:41:28","date_gmt":"2023-05-24T16:41:28","guid":{"rendered":"http:\/\/sana.sy\/tr\/?p=281394"},"modified":"2023-05-26T08:54:39","modified_gmt":"2023-05-26T05:54:39","slug":"sabbag-gorevinin-sona-ermesi-munasebetiyle-cezayir-buyukelcisini-kabul-etti","status":"publish","type":"post","link":"https:\/\/archive.sana.sy\/tr\/?p=281394","title":{"rendered":"Sabba\u011f, G\u00f6revinin Sona Ermesi M\u00fcnasebetiyle Cezayir B\u00fcy\u00fckel\u00e7isini Kabul Etti"},"content":{"rendered":"<p><strong>\u015eAM<\/strong> &#8211; Meclis Ba\u015fkan\u0131 Hamnuda Sabba\u011f, \u00fclkesinin \u015eam&#8217;daki b\u00fcy\u00fckel\u00e7ili\u011fi g\u00f6revinin sona ermesi m\u00fcnasebetiyle bug\u00fcn Cezayir&#8217;in \u015eam&#8217;daki b\u00fcy\u00fckel\u00e7isi Hasan Tohami ile yapt\u0131\u011f\u0131 g\u00f6r\u00fc\u015fmede, Suriye ile Cezayir&#8217;in karde\u015f\u00e7e ili\u015fkilere ve tarihe dayanan ba\u011flara sahip oldu\u011funu vurgulayarak, Cezayir liderli\u011fini, h\u00fck\u00fcmetini ve Suriye&#8217;ye kar\u015f\u0131 y\u00fcr\u00fct\u00fclen ter\u00f6r sava\u015f\u0131 boyunca halk\u0131n Suriye&#8217;ye verdi\u011fi deste\u011fi \u00e7ok takdir etti.<\/p>\n<p>G\u00f6r\u00fc\u015fmede Sabba\u011f, Suriye&#8217;nin sevgi dolu ve karde\u015f \u00fclkesi Cezayir&#8217;in, t\u00fcm bask\u0131lara ra\u011fmen Suriye&#8217;ye destek ve destek vererek ilkeli ve kararl\u0131 bir duru\u015f sergilemesi nedeniyle her zaman Suriyelilerin kalplerinde ve vicdanlar\u0131nda yer alaca\u011f\u0131n\u0131 da kaydetti.<\/p>\n<p>B\u00fcy\u00fckel\u00e7i Tohami ise,\u00a0 Suriye&#8217;nin Cezayir halk\u0131n\u0131n ikinci anavatan\u0131 oldu\u011funu ve \u00fclkesinin Suriye&#8217;ye devam eden deste\u011finin do\u011fal oldu\u011funu \u00e7\u00fcnk\u00fc hakikatin ve adaletin yan\u0131nda yer ald\u0131\u011f\u0131n\u0131 vurgulayarak, Suriye&#8217;nin Arapl\u0131\u011f\u0131n kayna\u011f\u0131, medeniyetin, miras\u0131n, karde\u015fli\u011fin ve tarihin \u00fclkesi oldu\u011funu belirtti.<\/p>\n<p>B\u00fcy\u00fckel\u00e7i Tohami ayr\u0131ca, Suriye&#8217;nin toparlanmas\u0131n\u0131n ve i\u00e7inde g\u00fcvenlik, refah ve iyilik halinin yeniden tesis edilmesinin t\u00fcm b\u00f6lge \u00fclkeleri ve halklar\u0131na olumlu yans\u0131yaca\u011f\u0131na olan g\u00fcvenini de dile getirdi.<\/p>\n<p>&nbsp;<\/p>\n<p>R.M<\/p>\n<p><a href=\"https:\/\/t.me\/SuriyeArapHaberAjansI\">Telegram Kanal\u0131m\u0131z\u00a0<\/a><\/p>\n<p><a href=\"https:\/\/www.facebook.com\/SANAHaberAjansi\/\">Facebook Sayfam\u0131z<\/a><\/p>\n","protected":false},"excerpt":{"rendered":"<p>\u015eAM &#8211; Meclis Ba\u015fkan\u0131 Hamnuda Sabba\u011f, \u00fclkesinin \u015eam&#8217;daki b\u00fcy\u00fckel\u00e7ili\u011fi g\u00f6revinin sona ermesi m\u00fcnasebetiyle bug\u00fcn Cezayir&#8217;in \u015eam&#8217;daki b\u00fcy\u00fckel\u00e7isi Hasan Tohami ile yapt\u0131\u011f\u0131 g\u00f6r\u00fc\u015fmede, Suriye ile Cezayir&#8217;in karde\u015f\u00e7e ili\u015fkilere ve tarihe dayanan ba\u011flara sahip oldu\u011funu vurgulayarak, Cezayir liderli\u011fini, h\u00fck\u00fcmetini ve Suriye&#8217;ye kar\u015f\u0131 y\u00fcr\u00fct\u00fclen ter\u00f6r sava\u015f\u0131 boyunca halk\u0131n Suriye&#8217;ye verdi\u011fi deste\u011fi \u00e7ok takdir etti. G\u00f6r\u00fc\u015fmede Sabba\u011f, Suriye&#8217;nin sevgi &hellip;<\/p>\n","protected":false},"author":41,"featured_media":281395,"comment_status":"closed","ping_status":"closed","sticky":false,"template":"","format":"standard","meta":{"footnotes":""},"categories":[479,17988,478],"tags":[],"class_list":["post-281394","post","type-post","status-publish","format-standard","has-post-thumbnail","","category-haberler-yerel","category-son-haberler","category-yerel"],"_links":{"self":[{"href":"https:\/\/archive.sana.sy\/tr\/index.php?rest_route=\/wp\/v2\/posts\/281394","targetHints":{"allow":["GET"]}}],"collection":[{"href":"https:\/\/archive.sana.sy\/tr\/index.php?rest_route=\/wp\/v2\/posts"}],"about":[{"href":"https:\/\/archive.sana.sy\/tr\/index.php?rest_route=\/wp\/v2\/types\/post"}],"author":[{"embeddable":true,"href":"https:\/\/archive.sana.sy\/tr\/index.php?rest_route=\/wp\/v2\/users\/41"}],"replies":[{"embeddable":true,"href":"https:\/\/archive.sana.sy\/tr\/index.php?rest_route=%2Fwp%2Fv2%2Fcomments&post=281394"}],"version-history":[{"count":0,"href":"https:\/\/archive.sana.sy\/tr\/index.php?rest_route=\/wp\/v2\/posts\/281394\/revisions"}],"wp:featuredmedia":[{"embeddable":true,"href":"https:\/\/archive.sana.sy\/tr\/index.php?rest_route=\/wp\/v2\/media\/281395"}],"wp:attachment":[{"href":"https:\/\/archive.sana.sy\/tr\/index.php?rest_route=%2Fwp%2Fv2%2Fmedia&parent=281394"}],"wp:term":[{"taxonomy":"category","embeddable":true,"href":"https:\/\/archive.sana.sy\/tr\/index.php?rest_route=%2Fwp%2Fv2%2Fcategories&post=281394"},{"taxonomy":"post_tag","embeddable":true,"href":"https:\/\/archive.sana.sy\/tr\/index.php?rest_route=%2Fwp%2Fv2%2Ftags&post=281394"}],"curies":[{"name":"wp","href":"https:\/\/api.w.org\/{rel}","templated":true}]}}