{"id":281398,"date":"2023-05-25T09:51:50","date_gmt":"2023-05-25T06:51:50","guid":{"rendered":"https:\/\/sana.sy\/tr\/?p=281398"},"modified":"2023-05-26T08:54:47","modified_gmt":"2023-05-26T05:54:47","slug":"kobza-suriyenin-arap-dunyasindaki-onemli-konumu-tartisma-konusu-degildir","status":"publish","type":"post","link":"https:\/\/archive.sana.sy\/tr\/?p=281398","title":{"rendered":"Kobza: Suriye&#8217;nin Arap D\u00fcnyas\u0131ndaki \u00d6nemli Konumu Tart\u0131\u015fma Konusu De\u011fildir"},"content":{"rendered":"<p><strong>BRAG<\/strong> \u2013 \u00c7ek Parlamentosu&#8217;nun Suriye ile Dostluk Grubu ba\u015fkan\u0131 Yerje Kobza, Suriye&#8217;nin Arap Birli\u011fi&#8217;ne d\u00f6nmesinin ve Cidde zirvesine kat\u0131l\u0131m\u0131n\u0131n, Suriye&#8217;nin Arap d\u00fcnyas\u0131ndaki b\u00fcy\u00fck ve m\u00fczakere edilemez konumunu kan\u0131tlayan \u00e7ok olumlu bir geli\u015fme oldu\u011funu vurgulad\u0131.<\/p>\n<p>Prag&#8217;da SANA muhabirine yapt\u0131\u011f\u0131 a\u00e7\u0131klamada Kobza, \u015funlar\u0131 ekledi: Suriye ve h\u00fck\u00fcmetinin Arap d\u00fcnyas\u0131nda tart\u0131\u015f\u0131lamayacak bir konumu var, Arap \u00fclkelerinin yard\u0131m\u0131yla yeniden yap\u0131lanma s\u00fcrecinde tam anlam\u0131yla havalanabilece\u011fi umudunu dile getirerek, Orta Do\u011fu b\u00f6lgesi \u00fclkelerinin bar\u0131\u015f ve refah\u0131 hak etti\u011fine dikkat \u00e7ekti.<\/p>\n<p>\u00d6zellikle baz\u0131 Arap \u00fclkeleri sava\u015flar\u0131n maliyetli ve \u00e7o\u011fu durumda sa\u00e7ma oldu\u011funu anlad\u0131ktan sonra, Arap saflar\u0131nda birli\u011fin ve yabanc\u0131 etkilerden kurtulman\u0131n \u00f6nemine i\u015faret etti.<\/p>\n<p><a href=\"https:\/\/t.me\/SuriyeArapHaberAjansI\">Telegram Kanal\u0131m\u0131z\u00a0<\/a><\/p>\n<p><a href=\"https:\/\/www.facebook.com\/SANAHaberAjansi\/\">Facebook Sayfam\u0131z<\/a><\/p>\n","protected":false},"excerpt":{"rendered":"<p>BRAG \u2013 \u00c7ek Parlamentosu&#8217;nun Suriye ile Dostluk Grubu ba\u015fkan\u0131 Yerje Kobza, Suriye&#8217;nin Arap Birli\u011fi&#8217;ne d\u00f6nmesinin ve Cidde zirvesine kat\u0131l\u0131m\u0131n\u0131n, Suriye&#8217;nin Arap d\u00fcnyas\u0131ndaki b\u00fcy\u00fck ve m\u00fczakere edilemez konumunu kan\u0131tlayan \u00e7ok olumlu bir geli\u015fme oldu\u011funu vurgulad\u0131. Prag&#8217;da SANA muhabirine yapt\u0131\u011f\u0131 a\u00e7\u0131klamada Kobza, \u015funlar\u0131 ekledi: Suriye ve h\u00fck\u00fcmetinin Arap d\u00fcnyas\u0131nda tart\u0131\u015f\u0131lamayacak bir konumu var, Arap \u00fclkelerinin yard\u0131m\u0131yla yeniden &hellip;<\/p>\n","protected":false},"author":39,"featured_media":281399,"comment_status":"closed","ping_status":"closed","sticky":false,"template":"","format":"standard","meta":{"footnotes":""},"categories":[458,459,17988],"tags":[],"class_list":["post-281398","post","type-post","status-publish","format-standard","has-post-thumbnail","","category-dunya1","category-haberler-arap-uluslararasi-politika","category-son-haberler"],"_links":{"self":[{"href":"https:\/\/archive.sana.sy\/tr\/index.php?rest_route=\/wp\/v2\/posts\/281398","targetHints":{"allow":["GET"]}}],"collection":[{"href":"https:\/\/archive.sana.sy\/tr\/index.php?rest_route=\/wp\/v2\/posts"}],"about":[{"href":"https:\/\/archive.sana.sy\/tr\/index.php?rest_route=\/wp\/v2\/types\/post"}],"author":[{"embeddable":true,"href":"https:\/\/archive.sana.sy\/tr\/index.php?rest_route=\/wp\/v2\/users\/39"}],"replies":[{"embeddable":true,"href":"https:\/\/archive.sana.sy\/tr\/index.php?rest_route=%2Fwp%2Fv2%2Fcomments&post=281398"}],"version-history":[{"count":0,"href":"https:\/\/archive.sana.sy\/tr\/index.php?rest_route=\/wp\/v2\/posts\/281398\/revisions"}],"wp:featuredmedia":[{"embeddable":true,"href":"https:\/\/archive.sana.sy\/tr\/index.php?rest_route=\/wp\/v2\/media\/281399"}],"wp:attachment":[{"href":"https:\/\/archive.sana.sy\/tr\/index.php?rest_route=%2Fwp%2Fv2%2Fmedia&parent=281398"}],"wp:term":[{"taxonomy":"category","embeddable":true,"href":"https:\/\/archive.sana.sy\/tr\/index.php?rest_route=%2Fwp%2Fv2%2Fcategories&post=281398"},{"taxonomy":"post_tag","embeddable":true,"href":"https:\/\/archive.sana.sy\/tr\/index.php?rest_route=%2Fwp%2Fv2%2Ftags&post=281398"}],"curies":[{"name":"wp","href":"https:\/\/api.w.org\/{rel}","templated":true}]}}