{"id":281401,"date":"2023-05-25T09:00:00","date_gmt":"2023-05-25T06:00:00","guid":{"rendered":"https:\/\/sana.sy\/tr\/?p=281401"},"modified":"2023-05-26T08:54:42","modified_gmt":"2023-05-26T05:54:42","slug":"ulusal-deprem-merkezi-son-24-saatte-8-hafif-deprem-kaydedildi","status":"publish","type":"post","link":"https:\/\/archive.sana.sy\/tr\/?p=281401","title":{"rendered":"Ulusal Deprem Merkezi: Son 24 Saatte 8 Hafif Deprem Kaydedildi"},"content":{"rendered":"<p><strong>\u015eAM<\/strong> \u2013 Ulusal Deprem Merkezi, izleme istasyonlar\u0131n\u0131n son 24 saat i\u00e7inde 8 deprem kaydetti\u011fini ilan etti.<\/p>\n<p>Merkezden yapt\u0131\u011f\u0131 ve SANA\u2019n\u0131n n\u00fcshas\u0131n\u0131 ald\u0131\u011f\u0131 beyanda: Lazkiye&#8217;nin kuzeybat\u0131s\u0131nda 3, \u0130skenderun\u2019da 2, T\u00fcrkiye\u2019de 3 deprem kaydedildi\u201d dedi.<\/p>\n<p>Merkez, sars\u0131nt\u0131lar\u0131n \u015fiddetinin Richter \u00f6l\u00e7e\u011fine g\u00f6re 1,5 ile 2,7 derece aras\u0131nda de\u011fi\u015fti\u011fini belirtti.<\/p>\n<p><a href=\"https:\/\/t.me\/SuriyeArapHaberAjansI\">Telegram Kanal\u0131m\u0131z\u00a0<\/a><\/p>\n<p><a href=\"https:\/\/www.facebook.com\/SANAHaberAjansi\/\">Facebook Sayfam\u0131z<\/a><\/p>\n","protected":false},"excerpt":{"rendered":"<p>\u015eAM \u2013 Ulusal Deprem Merkezi, izleme istasyonlar\u0131n\u0131n son 24 saat i\u00e7inde 8 deprem kaydetti\u011fini ilan etti. Merkezden yapt\u0131\u011f\u0131 ve SANA\u2019n\u0131n n\u00fcshas\u0131n\u0131 ald\u0131\u011f\u0131 beyanda: Lazkiye&#8217;nin kuzeybat\u0131s\u0131nda 3, \u0130skenderun\u2019da 2, T\u00fcrkiye\u2019de 3 deprem kaydedildi\u201d dedi. Merkez, sars\u0131nt\u0131lar\u0131n \u015fiddetinin Richter \u00f6l\u00e7e\u011fine g\u00f6re 1,5 ile 2,7 derece aras\u0131nda de\u011fi\u015fti\u011fini belirtti. Telegram Kanal\u0131m\u0131z\u00a0 Facebook Sayfam\u0131z<\/p>\n","protected":false},"author":39,"featured_media":281402,"comment_status":"closed","ping_status":"closed","sticky":false,"template":"","format":"standard","meta":{"footnotes":""},"categories":[479,17988,478],"tags":[],"class_list":["post-281401","post","type-post","status-publish","format-standard","has-post-thumbnail","","category-haberler-yerel","category-son-haberler","category-yerel"],"_links":{"self":[{"href":"https:\/\/archive.sana.sy\/tr\/index.php?rest_route=\/wp\/v2\/posts\/281401","targetHints":{"allow":["GET"]}}],"collection":[{"href":"https:\/\/archive.sana.sy\/tr\/index.php?rest_route=\/wp\/v2\/posts"}],"about":[{"href":"https:\/\/archive.sana.sy\/tr\/index.php?rest_route=\/wp\/v2\/types\/post"}],"author":[{"embeddable":true,"href":"https:\/\/archive.sana.sy\/tr\/index.php?rest_route=\/wp\/v2\/users\/39"}],"replies":[{"embeddable":true,"href":"https:\/\/archive.sana.sy\/tr\/index.php?rest_route=%2Fwp%2Fv2%2Fcomments&post=281401"}],"version-history":[{"count":0,"href":"https:\/\/archive.sana.sy\/tr\/index.php?rest_route=\/wp\/v2\/posts\/281401\/revisions"}],"wp:featuredmedia":[{"embeddable":true,"href":"https:\/\/archive.sana.sy\/tr\/index.php?rest_route=\/wp\/v2\/media\/281402"}],"wp:attachment":[{"href":"https:\/\/archive.sana.sy\/tr\/index.php?rest_route=%2Fwp%2Fv2%2Fmedia&parent=281401"}],"wp:term":[{"taxonomy":"category","embeddable":true,"href":"https:\/\/archive.sana.sy\/tr\/index.php?rest_route=%2Fwp%2Fv2%2Fcategories&post=281401"},{"taxonomy":"post_tag","embeddable":true,"href":"https:\/\/archive.sana.sy\/tr\/index.php?rest_route=%2Fwp%2Fv2%2Ftags&post=281401"}],"curies":[{"name":"wp","href":"https:\/\/api.w.org\/{rel}","templated":true}]}}