{"id":281407,"date":"2023-05-25T11:06:12","date_gmt":"2023-05-25T08:06:12","guid":{"rendered":"https:\/\/sana.sy\/tr\/?p=281407"},"modified":"2023-05-26T08:54:51","modified_gmt":"2023-05-26T05:54:51","slug":"kuneytra-il-meclisi-uyesi-gadir-el-bustan-beldesinde-kimligi-belirsiz-kisilerce-sehit-edildi","status":"publish","type":"post","link":"https:\/\/archive.sana.sy\/tr\/?p=281407","title":{"rendered":"Kuneytra \u0130l Meclisi \u00dcyesi \u011eadir El Bustan Beldesinde Kimli\u011fi Belirsiz Ki\u015filerce \u015eehit Edildi"},"content":{"rendered":"<p><strong>KUNEYTRA<\/strong> \u2013 Kuneytra \u0130l Meclisi \u00fcyesi ve partizan t\u00fcmeni sekreteri Hamd El Kuma, Kuneytra&#8217;n\u0131n g\u00fcney k\u0131rsal\u0131ndaki \u011eadir El Bustan beldesinde kimli\u011fi belirsiz ki\u015filere vurularak \u015fehit d\u00fc\u015f\u00fcr\u00fcld\u00fc.<\/p>\n<p>SANA muhabiri, Kuneytra&#8217;n\u0131n g\u00fcney k\u0131rsal\u0131ndaki \u011eadir El Bustan beldesinde Kuneytra \u0130l Meclisi \u00fcyesi Hamd El Kuma&#8217;y\u0131 kimli\u011fi belirsiz silahl\u0131 ki\u015filerce vurarak \u015fehit d\u00fc\u015fmesine yol a\u00e7t\u0131\u011f\u0131n\u0131 belirtti.<\/p>\n<p><a href=\"https:\/\/t.me\/SuriyeArapHaberAjansI\">Telegram Kanal\u0131m\u0131z\u00a0<\/a><\/p>\n<p><a href=\"https:\/\/www.facebook.com\/SANAHaberAjansi\/\">Facebook Sayfam\u0131z<\/a><\/p>\n","protected":false},"excerpt":{"rendered":"<p>KUNEYTRA \u2013 Kuneytra \u0130l Meclisi \u00fcyesi ve partizan t\u00fcmeni sekreteri Hamd El Kuma, Kuneytra&#8217;n\u0131n g\u00fcney k\u0131rsal\u0131ndaki \u011eadir El Bustan beldesinde kimli\u011fi belirsiz ki\u015filere vurularak \u015fehit d\u00fc\u015f\u00fcr\u00fcld\u00fc. SANA muhabiri, Kuneytra&#8217;n\u0131n g\u00fcney k\u0131rsal\u0131ndaki \u011eadir El Bustan beldesinde Kuneytra \u0130l Meclisi \u00fcyesi Hamd El Kuma&#8217;y\u0131 kimli\u011fi belirsiz silahl\u0131 ki\u015filerce vurarak \u015fehit d\u00fc\u015fmesine yol a\u00e7t\u0131\u011f\u0131n\u0131 belirtti. Telegram Kanal\u0131m\u0131z\u00a0 Facebook &hellip;<\/p>\n","protected":false},"author":39,"featured_media":281408,"comment_status":"closed","ping_status":"closed","sticky":false,"template":"","format":"standard","meta":{"footnotes":""},"categories":[479,575,17988,478],"tags":[],"class_list":["post-281407","post","type-post","status-publish","format-standard","has-post-thumbnail","","category-haberler-yerel","category-olaylar-ve-gercekler","category-son-haberler","category-yerel"],"_links":{"self":[{"href":"https:\/\/archive.sana.sy\/tr\/index.php?rest_route=\/wp\/v2\/posts\/281407","targetHints":{"allow":["GET"]}}],"collection":[{"href":"https:\/\/archive.sana.sy\/tr\/index.php?rest_route=\/wp\/v2\/posts"}],"about":[{"href":"https:\/\/archive.sana.sy\/tr\/index.php?rest_route=\/wp\/v2\/types\/post"}],"author":[{"embeddable":true,"href":"https:\/\/archive.sana.sy\/tr\/index.php?rest_route=\/wp\/v2\/users\/39"}],"replies":[{"embeddable":true,"href":"https:\/\/archive.sana.sy\/tr\/index.php?rest_route=%2Fwp%2Fv2%2Fcomments&post=281407"}],"version-history":[{"count":0,"href":"https:\/\/archive.sana.sy\/tr\/index.php?rest_route=\/wp\/v2\/posts\/281407\/revisions"}],"wp:featuredmedia":[{"embeddable":true,"href":"https:\/\/archive.sana.sy\/tr\/index.php?rest_route=\/wp\/v2\/media\/281408"}],"wp:attachment":[{"href":"https:\/\/archive.sana.sy\/tr\/index.php?rest_route=%2Fwp%2Fv2%2Fmedia&parent=281407"}],"wp:term":[{"taxonomy":"category","embeddable":true,"href":"https:\/\/archive.sana.sy\/tr\/index.php?rest_route=%2Fwp%2Fv2%2Fcategories&post=281407"},{"taxonomy":"post_tag","embeddable":true,"href":"https:\/\/archive.sana.sy\/tr\/index.php?rest_route=%2Fwp%2Fv2%2Ftags&post=281407"}],"curies":[{"name":"wp","href":"https:\/\/api.w.org\/{rel}","templated":true}]}}