{"id":2815,"date":"2014-06-11T14:53:45","date_gmt":"2014-06-11T11:53:45","guid":{"rendered":"http:\/\/sanasyria.org\/tr\/?p=2815"},"modified":"2014-06-14T13:30:37","modified_gmt":"2014-06-14T10:30:37","slug":"el-esada-kutlama-mesajlari-gelmeye-devam-ediyor","status":"publish","type":"post","link":"https:\/\/archive.sana.sy\/tr\/?p=2815","title":{"rendered":"El Esad\u2019a Kutlama Mesajlar\u0131 Gelmeye Devam Ediyor"},"content":{"rendered":"<p><span style=\"color: #800000\">\u015eAM &#8211;<\/span> Cumhurba\u015fkan\u0131 Be\u015f\u015far el Esad 3 Haziranda yap\u0131lan cumhurba\u015fkanl\u0131\u011f\u0131 se\u00e7imlerini kazanmas\u0131 m\u00fcnasebetiyle bug\u00fcn Myanmar Cumhurba\u015fkan\u0131 Thein Sein ve Abhazya Cumhurba\u015fkan\u0131 Vekili Valeri Rasovic\u2019ten kutlama mesajlar\u0131 ald\u0131.<\/p>\n<p>Myanmar Cumhurba\u015fkan\u0131 Sein mesaj\u0131nda bu ba\u015far\u0131dan dolay\u0131 el Esad ve Suriye halk\u0131n\u0131 kutlarken; iki \u00fclke aras\u0131ndaki dostluk ve i\u015fbirli\u011fi ili\u015fkilerinin \u00f6n\u00fcm\u00fczdeki s\u00fcre\u00e7 i\u00e7inde daha \u00e7ok peki\u015ftirilmesi arzu ve temennilerini ifade etti.<\/p>\n<p>Abhazya Cumhurba\u015fkan\u0131 Vekili Rasovic ise mesaj\u0131nda; el Esad\u2019\u0131n yeniden cumhurba\u015fkan\u0131 se\u00e7ilmesinin Suriye&#8217;de bar\u0131\u015f\u0131 peki\u015ftirece\u011fi gibi Suriye&#8217;nin uluslar aras\u0131 konumunu da g\u00fc\u00e7lendirece\u011fini belirtti. Rasovic Suriye ile derin dostluk ve i\u015fbirli\u011fi ili\u015fkileri kurma arzusunu ifade etti.<\/p>\n<div style=\"width: 618px;\" class=\"wp-video\"><!--[if lt IE 9]><script>document.createElement('video');<\/script><![endif]-->\n<video class=\"wp-video-shortcode\" id=\"video-2815-1\" width=\"618\" height=\"348\" preload=\"metadata\" controls=\"controls\"><source type=\"video\/x-flv\" src=\"http:\/\/sanasyria.org\/tr\/wp-content\/uploads\/2014\/06\/20140611-182312_h549701-halk.flv?_=1\" \/><a href=\"http:\/\/sanasyria.org\/tr\/wp-content\/uploads\/2014\/06\/20140611-182312_h549701-halk.flv\">http:\/\/sanasyria.org\/tr\/wp-content\/uploads\/2014\/06\/20140611-182312_h549701-halk.flv<\/a><\/video><\/div>\n","protected":false},"excerpt":{"rendered":"<p>\u015eAM &#8211; Cumhurba\u015fkan\u0131 Be\u015f\u015far el Esad 3 Haziranda yap\u0131lan cumhurba\u015fkanl\u0131\u011f\u0131 se\u00e7imlerini kazanmas\u0131 m\u00fcnasebetiyle bug\u00fcn Myanmar Cumhurba\u015fkan\u0131 Thein Sein ve Abhazya Cumhurba\u015fkan\u0131 Vekili Valeri Rasovic\u2019ten kutlama mesajlar\u0131 ald\u0131. Myanmar Cumhurba\u015fkan\u0131 Sein mesaj\u0131nda bu ba\u015far\u0131dan dolay\u0131 el Esad ve Suriye halk\u0131n\u0131 kutlarken; iki \u00fclke aras\u0131ndaki dostluk ve i\u015fbirli\u011fi ili\u015fkilerinin \u00f6n\u00fcm\u00fczdeki s\u00fcre\u00e7 i\u00e7inde daha \u00e7ok peki\u015ftirilmesi arzu ve &hellip;<\/p>\n","protected":false},"author":1,"featured_media":2816,"comment_status":"closed","ping_status":"closed","sticky":false,"template":"","format":"standard","meta":{"footnotes":""},"categories":[479,605,613,478],"tags":[632],"class_list":["post-2815","post","type-post","status-publish","format-standard","has-post-thumbnail","","category-haberler-yerel","category-sayin-cumhurbaskani","category-telgraflar","category-yerel","tag-el-esada-kutlama-mesajlari-gelmeye-devam-ediyor"],"_links":{"self":[{"href":"https:\/\/archive.sana.sy\/tr\/index.php?rest_route=\/wp\/v2\/posts\/2815","targetHints":{"allow":["GET"]}}],"collection":[{"href":"https:\/\/archive.sana.sy\/tr\/index.php?rest_route=\/wp\/v2\/posts"}],"about":[{"href":"https:\/\/archive.sana.sy\/tr\/index.php?rest_route=\/wp\/v2\/types\/post"}],"author":[{"embeddable":true,"href":"https:\/\/archive.sana.sy\/tr\/index.php?rest_route=\/wp\/v2\/users\/1"}],"replies":[{"embeddable":true,"href":"https:\/\/archive.sana.sy\/tr\/index.php?rest_route=%2Fwp%2Fv2%2Fcomments&post=2815"}],"version-history":[{"count":0,"href":"https:\/\/archive.sana.sy\/tr\/index.php?rest_route=\/wp\/v2\/posts\/2815\/revisions"}],"wp:featuredmedia":[{"embeddable":true,"href":"https:\/\/archive.sana.sy\/tr\/index.php?rest_route=\/wp\/v2\/media\/2816"}],"wp:attachment":[{"href":"https:\/\/archive.sana.sy\/tr\/index.php?rest_route=%2Fwp%2Fv2%2Fmedia&parent=2815"}],"wp:term":[{"taxonomy":"category","embeddable":true,"href":"https:\/\/archive.sana.sy\/tr\/index.php?rest_route=%2Fwp%2Fv2%2Fcategories&post=2815"},{"taxonomy":"post_tag","embeddable":true,"href":"https:\/\/archive.sana.sy\/tr\/index.php?rest_route=%2Fwp%2Fv2%2Ftags&post=2815"}],"curies":[{"name":"wp","href":"https:\/\/api.w.org\/{rel}","templated":true}]}}