{"id":281648,"date":"2023-05-28T19:20:00","date_gmt":"2023-05-28T16:20:00","guid":{"rendered":"http:\/\/sana.sy\/tr\/?p=281648"},"modified":"2023-05-30T18:37:31","modified_gmt":"2023-05-30T15:37:31","slug":"tokyodaki-arap-yardim-pazarinda-seckin-bir-suriyeli-varligi","status":"publish","type":"post","link":"https:\/\/archive.sana.sy\/tr\/?p=281648","title":{"rendered":"Tokyo&#8217;daki Arap Yard\u0131m Pazar\u0131&#8217;nda Se\u00e7kin Bir Suriyeli Varl\u0131\u011f\u0131"},"content":{"rendered":"<p><strong>TOKYO<\/strong> &#8211; Suriye Arap Cumhuriyeti&#8217;nin Tokyo B\u00fcy\u00fckel\u00e7ili\u011fi, d\u00fcn Japonya&#8217;da B\u00fcy\u00fckel\u00e7i E\u015fleri ve Arap Misyon Ba\u015fkanlar\u0131 Derne\u011fi taraf\u0131ndan d\u00fczenlenen Arap Yard\u0131m Pazar\u0131&#8217;na 16 Arap diplomatik misyonuyla birlikte kat\u0131ld\u0131.<\/p>\n<p>Suriye pavyonuna, Suriyelilerin kat\u0131l\u0131m\u0131ndan ve \u00e7e\u015fitli Suriye \u00fcr\u00fcnleri ve yiyecekleri ile tan\u0131\u015fmaktan duyduklar\u0131 memnuniyeti dile getiren Japon \u00e7ar\u015f\u0131s\u0131 ziyaret\u00e7ileri ile yerle\u015fik Arap ve yabanc\u0131 topluluklardan kayda de\u011fer bir k<img loading=\"lazy\" decoding=\"async\" class=\"size-full wp-image-281650 alignright\" src=\"http:\/\/sana.sy\/tr\/wp-content\/uploads\/2023\/05\/10-34-225x300-1.jpg\" alt=\"\" width=\"225\" height=\"300\" \/>at\u0131l\u0131m oldu.<\/p>\n<p>\u00c7ok say\u0131da Japon ve yabanc\u0131, halk\u0131n\u0131n nezaketi, c\u00f6mertli\u011fi, tarihi ve k\u00fclt\u00fcrel zenginli\u011fi a\u00e7\u0131s\u0131ndan \u00fczerlerinde b\u00fcy\u00fck etki b\u0131rakan Suriye ziyaretlerini hat\u0131rlatarak, tekrar ziyaret etmek istediklerini dile getirdi.<\/p>\n<p>Suriye Arap Cumhuriyeti&#8217;nin Japonya B\u00fcy\u00fckel\u00e7ili\u011fi maslahatg\u00fczar\u0131 Muhammed\u00a0 Necib Elici, SANA&#8217;ya yapt\u0131\u011f\u0131 a\u00e7\u0131klamada, Japon halk\u0131na ve Japonya&#8217;da ikamet eden yabanc\u0131lara Suriye medeniyeti ve k\u00fclt\u00fcr\u00fc ile Suriye \u00fcr\u00fcnlerinin de\u011feri hakk\u0131nda bilgi verme f\u0131rsat\u0131 sa\u011flad\u0131\u011f\u0131 i\u00e7in \u00e7ar\u015f\u0131ya kat\u0131lman\u0131n \u00f6nemini vurgulad\u0131.<\/p>\n<p>Maslahatg\u00fczar Eliciayr\u0131ca, Japonya D\u0131\u015fi\u015fleri Bakan\u0131 ve Yokohama Eyaleti Valisi&#8217;nin e\u015fi Prenses Takamado&#8217;nun Suriye pavyonunu ziyaret etti\u011fini belirterek, el sanatlar\u0131 \u00fcr\u00fcnlerine ve Suriye&#8217;ye \u00f6zg\u00fc yemeklerine olan hayranl\u0131\u011f\u0131n\u0131 dile getirdi.<\/p>\n<p>Maslahatg\u00fczar&#8217;\u0131n e\u015fi Amanda El Seyid ise B\u00fcy\u00fckel\u00e7i E\u015fleri ve Diplomatik Misyon Ba\u015fkanlar\u0131 Derne\u011fi&#8217;nin \u00e7ar\u015f\u0131dan elde edilen gelirin kat\u0131l\u0131mc\u0131 \u00fclkelerdeki hay\u0131r kurumlar\u0131na tahsis edilmesine karar verdi\u011fini belirtti.<\/p>\n<p>&nbsp;<\/p>\n<div id='gallery-1' class='gallery galleryid-281648 gallery-columns-3 gallery-size-thumbnail'><figure class='gallery-item'>\n\t\t\t<div class='gallery-icon landscape'>\n\t\t\t\t<a href='https:\/\/archive.sana.sy\/tr\/?attachment_id=281651'><img loading=\"lazy\" decoding=\"async\" width=\"150\" height=\"150\" src=\"https:\/\/archive.sana.sy\/tr\/wp-content\/uploads\/2023\/05\/7-42-150x150.jpg\" class=\"attachment-thumbnail size-thumbnail\" alt=\"\" \/><\/a>\n\t\t\t<\/div><\/figure><figure class='gallery-item'>\n\t\t\t<div class='gallery-icon landscape'>\n\t\t\t\t<a href='https:\/\/archive.sana.sy\/tr\/?attachment_id=281652'><img loading=\"lazy\" decoding=\"async\" width=\"150\" height=\"150\" src=\"https:\/\/archive.sana.sy\/tr\/wp-content\/uploads\/2023\/05\/11-27-150x150.jpg\" class=\"attachment-thumbnail size-thumbnail\" alt=\"\" \/><\/a>\n\t\t\t<\/div><\/figure><figure class='gallery-item'>\n\t\t\t<div class='gallery-icon landscape'>\n\t\t\t\t<a href='https:\/\/archive.sana.sy\/tr\/?attachment_id=281653'><img loading=\"lazy\" decoding=\"async\" width=\"150\" height=\"150\" src=\"https:\/\/archive.sana.sy\/tr\/wp-content\/uploads\/2023\/05\/3-96-150x150.jpg\" class=\"attachment-thumbnail size-thumbnail\" alt=\"\" \/><\/a>\n\t\t\t<\/div><\/figure>\n\t\t<\/div>\n\n<p>R.M<\/p>\n<p><a href=\"https:\/\/t.me\/SuriyeArapHaberAjansI\">Telegram Kanal\u0131m\u0131z\u00a0<\/a><\/p>\n<p><a href=\"https:\/\/www.facebook.com\/SANAHaberAjansi\/\">Facebook Sayfam\u0131z<\/a><\/p>\n<p><a href=\"https:\/\/twitter.com\/arap_ajans\">Twitter Hesab\u0131m\u0131z<\/a><\/p>\n","protected":false},"excerpt":{"rendered":"<p>TOKYO &#8211; Suriye Arap Cumhuriyeti&#8217;nin Tokyo B\u00fcy\u00fckel\u00e7ili\u011fi, d\u00fcn Japonya&#8217;da B\u00fcy\u00fckel\u00e7i E\u015fleri ve Arap Misyon Ba\u015fkanlar\u0131 Derne\u011fi taraf\u0131ndan d\u00fczenlenen Arap Yard\u0131m Pazar\u0131&#8217;na 16 Arap diplomatik misyonuyla birlikte kat\u0131ld\u0131. Suriye pavyonuna, Suriyelilerin kat\u0131l\u0131m\u0131ndan ve \u00e7e\u015fitli Suriye \u00fcr\u00fcnleri ve yiyecekleri ile tan\u0131\u015fmaktan duyduklar\u0131 memnuniyeti dile getiren Japon \u00e7ar\u015f\u0131s\u0131 ziyaret\u00e7ileri ile yerle\u015fik Arap ve yabanc\u0131 topluluklardan kayda de\u011fer bir &hellip;<\/p>\n","protected":false},"author":41,"featured_media":281649,"comment_status":"closed","ping_status":"closed","sticky":false,"template":"","format":"standard","meta":{"footnotes":""},"categories":[458,459,17988],"tags":[],"class_list":["post-281648","post","type-post","status-publish","format-standard","has-post-thumbnail","","category-dunya1","category-haberler-arap-uluslararasi-politika","category-son-haberler"],"_links":{"self":[{"href":"https:\/\/archive.sana.sy\/tr\/index.php?rest_route=\/wp\/v2\/posts\/281648","targetHints":{"allow":["GET"]}}],"collection":[{"href":"https:\/\/archive.sana.sy\/tr\/index.php?rest_route=\/wp\/v2\/posts"}],"about":[{"href":"https:\/\/archive.sana.sy\/tr\/index.php?rest_route=\/wp\/v2\/types\/post"}],"author":[{"embeddable":true,"href":"https:\/\/archive.sana.sy\/tr\/index.php?rest_route=\/wp\/v2\/users\/41"}],"replies":[{"embeddable":true,"href":"https:\/\/archive.sana.sy\/tr\/index.php?rest_route=%2Fwp%2Fv2%2Fcomments&post=281648"}],"version-history":[{"count":0,"href":"https:\/\/archive.sana.sy\/tr\/index.php?rest_route=\/wp\/v2\/posts\/281648\/revisions"}],"wp:featuredmedia":[{"embeddable":true,"href":"https:\/\/archive.sana.sy\/tr\/index.php?rest_route=\/wp\/v2\/media\/281649"}],"wp:attachment":[{"href":"https:\/\/archive.sana.sy\/tr\/index.php?rest_route=%2Fwp%2Fv2%2Fmedia&parent=281648"}],"wp:term":[{"taxonomy":"category","embeddable":true,"href":"https:\/\/archive.sana.sy\/tr\/index.php?rest_route=%2Fwp%2Fv2%2Fcategories&post=281648"},{"taxonomy":"post_tag","embeddable":true,"href":"https:\/\/archive.sana.sy\/tr\/index.php?rest_route=%2Fwp%2Fv2%2Ftags&post=281648"}],"curies":[{"name":"wp","href":"https:\/\/api.w.org\/{rel}","templated":true}]}}