{"id":281660,"date":"2023-05-29T10:15:22","date_gmt":"2023-05-29T07:15:22","guid":{"rendered":"https:\/\/sana.sy\/tr\/?p=281660"},"modified":"2023-05-30T08:38:40","modified_gmt":"2023-05-30T05:38:40","slug":"israil-isgal-guclerinin-cenine-duzenledigi-baskinlarda-8-filistinli-yaralandi-ve-2-kisi-tutuklandi","status":"publish","type":"post","link":"https:\/\/archive.sana.sy\/tr\/?p=281660","title":{"rendered":"\u0130srail \u0130\u015fgal G\u00fc\u00e7lerinin Cenin&#8217;e D\u00fczenledi\u011fi Bask\u0131nlarda 8 Filistinli Yaraland\u0131, 2 Ki\u015fi Tutukland\u0131"},"content":{"rendered":"<p><strong>\u0130\u015eGAL ED\u0130LEN KUD\u00dcS<\/strong> \u2013 \u0130srail i\u015fgal g\u00fc\u00e7lerinin Bat\u0131 Yaka&#8217;daki Cenin Kentinde \u00e7ok say\u0131da mahalleye d\u00fczenledi\u011fi bask\u0131nlarda 8 Filistinli yaraland\u0131 ve 2 ki\u015fi de tutukland\u0131.<\/p>\n<p>Filistinli WAFA Haber Ajans\u0131, i\u015fgal g\u00fc\u00e7lerinin kente bask\u0131n d\u00fczenledi\u011fini ve Filistinlilere kur\u015fun ve zehirli gaz bombalar\u0131 atarak sald\u0131rd\u0131\u011f\u0131n\u0131, 8 Filistinlinin yaraland\u0131\u011f\u0131n\u0131 ve 2 Filistinliyinin tutuklad\u0131\u011f\u0131n\u0131. belirtti.<\/p>\n<p>Ajans ayr\u0131ca, i\u015fgal g\u00fc\u00e7lerinin ambulanslar\u0131n yaral\u0131lar\u0131 ta\u015f\u0131mas\u0131n\u0131 engelledi\u011fine dikkat \u00e7ekti.<\/p>\n<p><a href=\"https:\/\/t.me\/SuriyeArapHaberAjansI\">Telegram Kanal\u0131m\u0131z\u00a0<\/a><\/p>\n<p><a href=\"https:\/\/www.facebook.com\/SANAHaberAjansi\/\">Facebook Sayfam\u0131z<\/a><\/p>\n","protected":false},"excerpt":{"rendered":"<p>\u0130\u015eGAL ED\u0130LEN KUD\u00dcS \u2013 \u0130srail i\u015fgal g\u00fc\u00e7lerinin Bat\u0131 Yaka&#8217;daki Cenin Kentinde \u00e7ok say\u0131da mahalleye d\u00fczenledi\u011fi bask\u0131nlarda 8 Filistinli yaraland\u0131 ve 2 ki\u015fi de tutukland\u0131. Filistinli WAFA Haber Ajans\u0131, i\u015fgal g\u00fc\u00e7lerinin kente bask\u0131n d\u00fczenledi\u011fini ve Filistinlilere kur\u015fun ve zehirli gaz bombalar\u0131 atarak sald\u0131rd\u0131\u011f\u0131n\u0131, 8 Filistinlinin yaraland\u0131\u011f\u0131n\u0131 ve 2 Filistinliyinin tutuklad\u0131\u011f\u0131n\u0131. belirtti. Ajans ayr\u0131ca, i\u015fgal g\u00fc\u00e7lerinin ambulanslar\u0131n &hellip;<\/p>\n","protected":false},"author":39,"featured_media":281663,"comment_status":"closed","ping_status":"closed","sticky":false,"template":"","format":"standard","meta":{"footnotes":""},"categories":[458,459,17988],"tags":[],"class_list":["post-281660","post","type-post","status-publish","format-standard","has-post-thumbnail","","category-dunya1","category-haberler-arap-uluslararasi-politika","category-son-haberler"],"_links":{"self":[{"href":"https:\/\/archive.sana.sy\/tr\/index.php?rest_route=\/wp\/v2\/posts\/281660","targetHints":{"allow":["GET"]}}],"collection":[{"href":"https:\/\/archive.sana.sy\/tr\/index.php?rest_route=\/wp\/v2\/posts"}],"about":[{"href":"https:\/\/archive.sana.sy\/tr\/index.php?rest_route=\/wp\/v2\/types\/post"}],"author":[{"embeddable":true,"href":"https:\/\/archive.sana.sy\/tr\/index.php?rest_route=\/wp\/v2\/users\/39"}],"replies":[{"embeddable":true,"href":"https:\/\/archive.sana.sy\/tr\/index.php?rest_route=%2Fwp%2Fv2%2Fcomments&post=281660"}],"version-history":[{"count":0,"href":"https:\/\/archive.sana.sy\/tr\/index.php?rest_route=\/wp\/v2\/posts\/281660\/revisions"}],"wp:featuredmedia":[{"embeddable":true,"href":"https:\/\/archive.sana.sy\/tr\/index.php?rest_route=\/wp\/v2\/media\/281663"}],"wp:attachment":[{"href":"https:\/\/archive.sana.sy\/tr\/index.php?rest_route=%2Fwp%2Fv2%2Fmedia&parent=281660"}],"wp:term":[{"taxonomy":"category","embeddable":true,"href":"https:\/\/archive.sana.sy\/tr\/index.php?rest_route=%2Fwp%2Fv2%2Fcategories&post=281660"},{"taxonomy":"post_tag","embeddable":true,"href":"https:\/\/archive.sana.sy\/tr\/index.php?rest_route=%2Fwp%2Fv2%2Ftags&post=281660"}],"curies":[{"name":"wp","href":"https:\/\/api.w.org\/{rel}","templated":true}]}}