{"id":281664,"date":"2023-05-29T13:24:12","date_gmt":"2023-05-29T10:24:12","guid":{"rendered":"https:\/\/sana.sy\/tr\/?p=281664"},"modified":"2023-05-30T08:38:47","modified_gmt":"2023-05-30T05:38:47","slug":"mikdad-ve-abhaz-mevkidasi-iki-dost-ulke-arasinda-diplomatik-iliskilerin-kurulmasinin-5-yildonumu-munasebetiyle-karsilikli-tebrik-alisverisinde-bulundular","status":"publish","type":"post","link":"https:\/\/archive.sana.sy\/tr\/?p=281664","title":{"rendered":"Mikdad Ve Abhaz Mevkida\u015f\u0131, \u0130ki Dost \u00dclke Aras\u0131nda Diplomatik \u0130li\u015fkilerin Kurulmas\u0131n\u0131n 5. Y\u0131ld\u00f6n\u00fcm\u00fc M\u00fcnasebetiyle Kar\u015f\u0131l\u0131kl\u0131 Tebrik Al\u0131\u015fveri\u015finde Bulundular"},"content":{"rendered":"<p><strong>\u015eAM<\/strong> \u2013 Abhazya Cumhuriyeti D\u0131\u015fi\u015fleri Bakan\u0131 \u0130nal Batutevi\u00e7 Ardz\u0131nba, D\u0131\u015fi\u015fleri ve Gurbet\u00e7iler Bakan\u0131 Faysal Mikdad&#8217;a telefon ederek, iki dost \u00fclke aras\u0131nda diplomatik ili\u015fkilerin kurulmas\u0131n\u0131n be\u015finci y\u0131ld\u00f6n\u00fcm\u00fc dolay\u0131s\u0131yla kar\u015f\u0131l\u0131kl\u0131 tebrik al\u0131\u015fveri\u015finde bulundular.<\/p>\n<p>\u0130ki taraf, iki \u00fclke aras\u0131ndaki ikili ili\u015fkilerin seviyesini y\u00fckseltme ve bunlar\u0131 t\u00fcm siyasi, ekonomik ve k\u00fclt\u00fcrel alanlarda geli\u015ftirme isteklerini vurgularken, iki dost \u00fclke ve halk\u0131n yarar\u0131na isti\u015farelere devam etme ve kar\u015f\u0131l\u0131kl\u0131 ikili ziyaretler yapma konusunda anla\u015ft\u0131lar.<\/p>\n<p><a href=\"https:\/\/t.me\/SuriyeArapHaberAjansI\">Telegram Kanal\u0131m\u0131z\u00a0<\/a><\/p>\n<p><a href=\"https:\/\/www.facebook.com\/SANAHaberAjansi\/\">Facebook Sayfam\u0131z<\/a><\/p>\n","protected":false},"excerpt":{"rendered":"<p>\u015eAM \u2013 Abhazya Cumhuriyeti D\u0131\u015fi\u015fleri Bakan\u0131 \u0130nal Batutevi\u00e7 Ardz\u0131nba, D\u0131\u015fi\u015fleri ve Gurbet\u00e7iler Bakan\u0131 Faysal Mikdad&#8217;a telefon ederek, iki dost \u00fclke aras\u0131nda diplomatik ili\u015fkilerin kurulmas\u0131n\u0131n be\u015finci y\u0131ld\u00f6n\u00fcm\u00fc dolay\u0131s\u0131yla kar\u015f\u0131l\u0131kl\u0131 tebrik al\u0131\u015fveri\u015finde bulundular. \u0130ki taraf, iki \u00fclke aras\u0131ndaki ikili ili\u015fkilerin seviyesini y\u00fckseltme ve bunlar\u0131 t\u00fcm siyasi, ekonomik ve k\u00fclt\u00fcrel alanlarda geli\u015ftirme isteklerini vurgularken, iki dost \u00fclke ve &hellip;<\/p>\n","protected":false},"author":39,"featured_media":281665,"comment_status":"closed","ping_status":"closed","sticky":false,"template":"","format":"standard","meta":{"footnotes":""},"categories":[479,17988,478],"tags":[],"class_list":["post-281664","post","type-post","status-publish","format-standard","has-post-thumbnail","","category-haberler-yerel","category-son-haberler","category-yerel"],"_links":{"self":[{"href":"https:\/\/archive.sana.sy\/tr\/index.php?rest_route=\/wp\/v2\/posts\/281664","targetHints":{"allow":["GET"]}}],"collection":[{"href":"https:\/\/archive.sana.sy\/tr\/index.php?rest_route=\/wp\/v2\/posts"}],"about":[{"href":"https:\/\/archive.sana.sy\/tr\/index.php?rest_route=\/wp\/v2\/types\/post"}],"author":[{"embeddable":true,"href":"https:\/\/archive.sana.sy\/tr\/index.php?rest_route=\/wp\/v2\/users\/39"}],"replies":[{"embeddable":true,"href":"https:\/\/archive.sana.sy\/tr\/index.php?rest_route=%2Fwp%2Fv2%2Fcomments&post=281664"}],"version-history":[{"count":0,"href":"https:\/\/archive.sana.sy\/tr\/index.php?rest_route=\/wp\/v2\/posts\/281664\/revisions"}],"wp:featuredmedia":[{"embeddable":true,"href":"https:\/\/archive.sana.sy\/tr\/index.php?rest_route=\/wp\/v2\/media\/281665"}],"wp:attachment":[{"href":"https:\/\/archive.sana.sy\/tr\/index.php?rest_route=%2Fwp%2Fv2%2Fmedia&parent=281664"}],"wp:term":[{"taxonomy":"category","embeddable":true,"href":"https:\/\/archive.sana.sy\/tr\/index.php?rest_route=%2Fwp%2Fv2%2Fcategories&post=281664"},{"taxonomy":"post_tag","embeddable":true,"href":"https:\/\/archive.sana.sy\/tr\/index.php?rest_route=%2Fwp%2Fv2%2Ftags&post=281664"}],"curies":[{"name":"wp","href":"https:\/\/api.w.org\/{rel}","templated":true}]}}