{"id":281704,"date":"2023-05-29T14:00:03","date_gmt":"2023-05-29T11:00:03","guid":{"rendered":"http:\/\/sana.sy\/tr\/?p=281704"},"modified":"2023-05-30T08:38:53","modified_gmt":"2023-05-30T05:38:53","slug":"malezyali-bir-turist-grubu-bursa-kentini-ziyaret-etti-ve-kente-guzelligine-ve-kadim-uygarligina-olan-hayranligini-ifade-etti","status":"publish","type":"post","link":"https:\/\/archive.sana.sy\/tr\/?p=281704","title":{"rendered":"Malezyal\u0131 Bir Turist Grubu Bursa Kentini Ziyaret Etti Ve Kente G\u00fczelli\u011fine Ve Kadim Uygarl\u0131\u011f\u0131na Olan Hayranl\u0131\u011f\u0131n\u0131 ifade Etti"},"content":{"rendered":"<p><strong><img loading=\"lazy\" decoding=\"async\" class=\" wp-image-281706 alignright\" src=\"http:\/\/sana.sy\/tr\/wp-content\/uploads\/2023\/05\/4-copy-9-300x225-1.jpg\" alt=\"\" width=\"259\" height=\"194\" \/>DERA<\/strong> &#8211; \u00c7o\u011funlu\u011fu emekli \u00f6\u011fretmen, din adam\u0131 ve ekonomistlerden olu\u015fan 40 turistten olu\u015fan Malezyal\u0131 bir grup, on g\u00fcnl\u00fck Suriye ziyareti kapsam\u0131nda Busra El \u015eam Kentini \u00a0ziyaret etti.<\/p>\n<p>Grup, Turizm M\u00fcd\u00fcrl\u00fc\u011f\u00fc&#8217;ne hizmetleri ve her t\u00fcrl\u00fc zorlu\u011fun \u00fcstesinden gelmesi ve grubun \u0130mam Nevevi&#8217;nin t\u00fcrbesini ziyaret etmesini sa\u011flad\u0131\u011f\u0131 i\u00e7in te\u015fekk\u00fcr etti.<\/p>\n<p>Grup \u00fcyeleri, g\u00f6rd\u00fckleri iyi kar\u015f\u0131lama ve misafirperverlik i\u00e7im, ziyareti tekrar yapma niyetlerini vurgulad\u0131lar.<\/p>\n<div id='gallery-1' class='gallery galleryid-281704 gallery-columns-2 gallery-size-medium'><figure class='gallery-item'>\n\t\t\t<div class='gallery-icon portrait'>\n\t\t\t\t<a href='https:\/\/archive.sana.sy\/tr\/?attachment_id=281707'><img loading=\"lazy\" decoding=\"async\" width=\"225\" height=\"300\" src=\"https:\/\/archive.sana.sy\/tr\/wp-content\/uploads\/2023\/05\/111111111-2-225x300.jpg\" class=\"attachment-medium size-medium\" alt=\"\" srcset=\"https:\/\/archive.sana.sy\/tr\/wp-content\/uploads\/2023\/05\/111111111-2-225x300.jpg 225w, https:\/\/archive.sana.sy\/tr\/wp-content\/uploads\/2023\/05\/111111111-2.jpg 660w\" sizes=\"auto, (max-width: 225px) 100vw, 225px\" \/><\/a>\n\t\t\t<\/div><\/figure><figure class='gallery-item'>\n\t\t\t<div class='gallery-icon portrait'>\n\t\t\t\t<a href='https:\/\/archive.sana.sy\/tr\/?attachment_id=281708'><img loading=\"lazy\" decoding=\"async\" width=\"225\" height=\"300\" src=\"https:\/\/archive.sana.sy\/tr\/wp-content\/uploads\/2023\/05\/222222222222-3-225x300.jpg\" class=\"attachment-medium size-medium\" alt=\"\" srcset=\"https:\/\/archive.sana.sy\/tr\/wp-content\/uploads\/2023\/05\/222222222222-3-225x300.jpg 225w, https:\/\/archive.sana.sy\/tr\/wp-content\/uploads\/2023\/05\/222222222222-3.jpg 660w\" sizes=\"auto, (max-width: 225px) 100vw, 225px\" \/><\/a>\n\t\t\t<\/div><\/figure>\n\t\t<\/div>\n\n<p>R.M<\/p>\n<p><a href=\"https:\/\/t.me\/SuriyeArapHaberAjansI\">Telegram Kanal\u0131m\u0131z\u00a0<\/a><\/p>\n<p><a href=\"https:\/\/www.facebook.com\/SANAHaberAjansi\/\">Facebook Sayfam\u0131z<\/a><\/p>\n","protected":false},"excerpt":{"rendered":"<p>DERA &#8211; \u00c7o\u011funlu\u011fu emekli \u00f6\u011fretmen, din adam\u0131 ve ekonomistlerden olu\u015fan 40 turistten olu\u015fan Malezyal\u0131 bir grup, on g\u00fcnl\u00fck Suriye ziyareti kapsam\u0131nda Busra El \u015eam Kentini \u00a0ziyaret etti. Grup, Turizm M\u00fcd\u00fcrl\u00fc\u011f\u00fc&#8217;ne hizmetleri ve her t\u00fcrl\u00fc zorlu\u011fun \u00fcstesinden gelmesi ve grubun \u0130mam Nevevi&#8217;nin t\u00fcrbesini ziyaret etmesini sa\u011flad\u0131\u011f\u0131 i\u00e7in te\u015fekk\u00fcr etti. Grup \u00fcyeleri, g\u00f6rd\u00fckleri iyi kar\u015f\u0131lama ve misafirperverlik &hellip;<\/p>\n","protected":false},"author":41,"featured_media":281705,"comment_status":"closed","ping_status":"closed","sticky":false,"template":"","format":"standard","meta":{"footnotes":""},"categories":[479,17988,478],"tags":[],"class_list":["post-281704","post","type-post","status-publish","format-standard","has-post-thumbnail","","category-haberler-yerel","category-son-haberler","category-yerel"],"_links":{"self":[{"href":"https:\/\/archive.sana.sy\/tr\/index.php?rest_route=\/wp\/v2\/posts\/281704","targetHints":{"allow":["GET"]}}],"collection":[{"href":"https:\/\/archive.sana.sy\/tr\/index.php?rest_route=\/wp\/v2\/posts"}],"about":[{"href":"https:\/\/archive.sana.sy\/tr\/index.php?rest_route=\/wp\/v2\/types\/post"}],"author":[{"embeddable":true,"href":"https:\/\/archive.sana.sy\/tr\/index.php?rest_route=\/wp\/v2\/users\/41"}],"replies":[{"embeddable":true,"href":"https:\/\/archive.sana.sy\/tr\/index.php?rest_route=%2Fwp%2Fv2%2Fcomments&post=281704"}],"version-history":[{"count":0,"href":"https:\/\/archive.sana.sy\/tr\/index.php?rest_route=\/wp\/v2\/posts\/281704\/revisions"}],"wp:featuredmedia":[{"embeddable":true,"href":"https:\/\/archive.sana.sy\/tr\/index.php?rest_route=\/wp\/v2\/media\/281705"}],"wp:attachment":[{"href":"https:\/\/archive.sana.sy\/tr\/index.php?rest_route=%2Fwp%2Fv2%2Fmedia&parent=281704"}],"wp:term":[{"taxonomy":"category","embeddable":true,"href":"https:\/\/archive.sana.sy\/tr\/index.php?rest_route=%2Fwp%2Fv2%2Fcategories&post=281704"},{"taxonomy":"post_tag","embeddable":true,"href":"https:\/\/archive.sana.sy\/tr\/index.php?rest_route=%2Fwp%2Fv2%2Ftags&post=281704"}],"curies":[{"name":"wp","href":"https:\/\/api.w.org\/{rel}","templated":true}]}}