{"id":281756,"date":"2023-05-30T14:59:53","date_gmt":"2023-05-30T11:59:53","guid":{"rendered":"http:\/\/sana.sy\/tr\/?p=281756"},"modified":"2023-05-31T08:35:17","modified_gmt":"2023-05-31T05:35:17","slug":"misirdaki-takimlar-icin-uluslararasi-bilisim-olimpiyatinda-suriyeye-bronz-madalya","status":"publish","type":"post","link":"https:\/\/archive.sana.sy\/tr\/?p=281756","title":{"rendered":"M\u0131s\u0131r&#8217;daki Tak\u0131mlar \u0130\u00e7in Uluslararas\u0131 Bili\u015fim Olimpiyat\u0131&#8217;nda Suriye&#8217;ye Bronz Madalya"},"content":{"rendered":"<p><strong>\u015eAM<\/strong> &#8211; M\u0131s\u0131r Arap Cumhuriyeti taraf\u0131ndan 26-30 May\u0131s tarihleri \u200b\u200baras\u0131nda d\u00fczenlenen Uluslararas\u0131 Tak\u0131mlar \u0130\u00e7in Bili\u015fim Olimpiyat\u0131&#8217;nda Suriye Olimpiyat tak\u0131m\u0131 bronz madalya kazand\u0131.<\/p>\n<p>M\u00fckemmellik ve Yarat\u0131c\u0131l\u0131k Kurumu, bug\u00fcn bir n\u00fcshas\u0131 SANA&#8217;ya ula\u015fan bir a\u00e7\u0131klamada, madalya kazanan tak\u0131mda Halep&#8217;teki El Maari \u00a0Okulu&#8217;ndan (Bernard Brahim\u015fa, Mark Avad, Teyim Hicazi ve \u0130lya \u0130brahim) adl\u0131 \u00f6\u011frencilerin yer ald\u0131\u011f\u0131n\u0131 belirtti.<\/p>\n<p>Bu Olimpiyat\u0131n yar\u0131\u015fmalar\u0131, kat\u0131l\u0131mc\u0131lar\u0131n \u0130ngilizce olarak bir dizi rekabet\u00e7i programlama problemini \u00e7\u00f6zd\u00fc\u011f\u00fc \u00fc\u00e7 saatlik bir test i\u00e7eridi.<\/p>\n<p>R.M<\/p>\n<p><a href=\"https:\/\/t.me\/SuriyeArapHaberAjansI\">Telegram Kanal\u0131m\u0131z\u00a0<\/a><\/p>\n<p><a href=\"https:\/\/www.facebook.com\/SANAHaberAjansi\/\">Facebook Sayfam\u0131z<\/a><\/p>\n<p><a href=\"https:\/\/twitter.com\/arap_ajans\">Twitter Hesab\u0131m\u0131z<\/a><\/p>\n","protected":false},"excerpt":{"rendered":"<p>\u015eAM &#8211; M\u0131s\u0131r Arap Cumhuriyeti taraf\u0131ndan 26-30 May\u0131s tarihleri \u200b\u200baras\u0131nda d\u00fczenlenen Uluslararas\u0131 Tak\u0131mlar \u0130\u00e7in Bili\u015fim Olimpiyat\u0131&#8217;nda Suriye Olimpiyat tak\u0131m\u0131 bronz madalya kazand\u0131. M\u00fckemmellik ve Yarat\u0131c\u0131l\u0131k Kurumu, bug\u00fcn bir n\u00fcshas\u0131 SANA&#8217;ya ula\u015fan bir a\u00e7\u0131klamada, madalya kazanan tak\u0131mda Halep&#8217;teki El Maari \u00a0Okulu&#8217;ndan (Bernard Brahim\u015fa, Mark Avad, Teyim Hicazi ve \u0130lya \u0130brahim) adl\u0131 \u00f6\u011frencilerin yer ald\u0131\u011f\u0131n\u0131 belirtti. Bu &hellip;<\/p>\n","protected":false},"author":41,"featured_media":281757,"comment_status":"closed","ping_status":"closed","sticky":false,"template":"","format":"standard","meta":{"footnotes":""},"categories":[498,479,17988,496,478],"tags":[12319,38244,16591],"class_list":["post-281756","post","type-post","status-publish","format-standard","has-post-thumbnail","","category-dunya-turnuvalari","category-haberler-yerel","category-son-haberler","category-spor","category-yerel","tag-spor","tag-misir-arap-cumhuriyeti","tag-suriye"],"_links":{"self":[{"href":"https:\/\/archive.sana.sy\/tr\/index.php?rest_route=\/wp\/v2\/posts\/281756","targetHints":{"allow":["GET"]}}],"collection":[{"href":"https:\/\/archive.sana.sy\/tr\/index.php?rest_route=\/wp\/v2\/posts"}],"about":[{"href":"https:\/\/archive.sana.sy\/tr\/index.php?rest_route=\/wp\/v2\/types\/post"}],"author":[{"embeddable":true,"href":"https:\/\/archive.sana.sy\/tr\/index.php?rest_route=\/wp\/v2\/users\/41"}],"replies":[{"embeddable":true,"href":"https:\/\/archive.sana.sy\/tr\/index.php?rest_route=%2Fwp%2Fv2%2Fcomments&post=281756"}],"version-history":[{"count":0,"href":"https:\/\/archive.sana.sy\/tr\/index.php?rest_route=\/wp\/v2\/posts\/281756\/revisions"}],"wp:featuredmedia":[{"embeddable":true,"href":"https:\/\/archive.sana.sy\/tr\/index.php?rest_route=\/wp\/v2\/media\/281757"}],"wp:attachment":[{"href":"https:\/\/archive.sana.sy\/tr\/index.php?rest_route=%2Fwp%2Fv2%2Fmedia&parent=281756"}],"wp:term":[{"taxonomy":"category","embeddable":true,"href":"https:\/\/archive.sana.sy\/tr\/index.php?rest_route=%2Fwp%2Fv2%2Fcategories&post=281756"},{"taxonomy":"post_tag","embeddable":true,"href":"https:\/\/archive.sana.sy\/tr\/index.php?rest_route=%2Fwp%2Fv2%2Ftags&post=281756"}],"curies":[{"name":"wp","href":"https:\/\/api.w.org\/{rel}","templated":true}]}}