{"id":281765,"date":"2023-05-30T14:00:10","date_gmt":"2023-05-30T11:00:10","guid":{"rendered":"http:\/\/sana.sy\/tr\/?p=281765"},"modified":"2023-05-31T08:35:07","modified_gmt":"2023-05-31T05:35:07","slug":"kanaani-avrupa-parlamentosu-teror-orgutu-halkin-sicilini-gormezden-geliyor","status":"publish","type":"post","link":"https:\/\/archive.sana.sy\/tr\/?p=281765","title":{"rendered":"Kanaani: Avrupa Parlamentosu, Ter\u00f6r \u00d6rg\u00fct\u00fc \u201cHalk\u201d\u0131n Sicilini G\u00f6rmezden Geliyor"},"content":{"rendered":"<p><strong>TAHRAN<\/strong> &#8211; \u0130ran D\u0131\u015fi\u015fleri Bakanl\u0131\u011f\u0131 S\u00f6zc\u00fcs\u00fc Nasir Kanaani bug\u00fcn Avrupa Parlamentosu&#8217;nun ter\u00f6r \u00f6rg\u00fct\u00fc &#8220;Halk&#8221;\u0131n Avrupa Parlamentosu&#8217;ndaki varl\u0131\u011f\u0131 nedeniyle ter\u00f6r \u00f6rg\u00fct\u00fc &#8220;Halk&#8221; siciline g\u00f6z yumdu\u011funu vurgulad\u0131.<\/p>\n<p>IRNA haber ajans\u0131, Kanaani&#8217;nin Twitter&#8217;da payla\u015ft\u0131\u011f\u0131 \u2018\u2019Avrupa Parlamentosu taraf\u0131ndan \u00f6ne s\u00fcr\u00fclen insan haklar\u0131 sloganlar\u0131n\u0131n aksine, Avrupa Parlamentosu taraf\u0131ndan \u00f6ne s\u00fcr\u00fclen insan haklar\u0131 sloganlar\u0131n\u0131n aksineNe yaz\u0131k ki, baz\u0131 \u00fcyeleri, \u00e7ocuklar da dahil olmak \u00fczere 17.000&#8217;den fazla insan\u0131n katillerinin kara sicilini g\u00f6rmezden geliyor ve bu ter\u00f6r \u00f6rg\u00fct\u00fcn\u00fcn liderini a\u011f\u0131rl\u0131yorlar.\u2019\u2019 ifadelerini aktard\u0131.<\/p>\n<p>&nbsp;<\/p>\n<p>R.M<\/p>\n<p><a href=\"https:\/\/t.me\/SuriyeArapHaberAjansI\">Telegram Kanal\u0131m\u0131z\u00a0<\/a><\/p>\n<p><a href=\"https:\/\/www.facebook.com\/SANAHaberAjansi\/\">Facebook Sayfam\u0131z<\/a><\/p>\n<p><a href=\"https:\/\/twitter.com\/arap_ajans\">Twitter Hesab\u0131m\u0131z<\/a><\/p>\n","protected":false},"excerpt":{"rendered":"<p>TAHRAN &#8211; \u0130ran D\u0131\u015fi\u015fleri Bakanl\u0131\u011f\u0131 S\u00f6zc\u00fcs\u00fc Nasir Kanaani bug\u00fcn Avrupa Parlamentosu&#8217;nun ter\u00f6r \u00f6rg\u00fct\u00fc &#8220;Halk&#8221;\u0131n Avrupa Parlamentosu&#8217;ndaki varl\u0131\u011f\u0131 nedeniyle ter\u00f6r \u00f6rg\u00fct\u00fc &#8220;Halk&#8221; siciline g\u00f6z yumdu\u011funu vurgulad\u0131. IRNA haber ajans\u0131, Kanaani&#8217;nin Twitter&#8217;da payla\u015ft\u0131\u011f\u0131 \u2018\u2019Avrupa Parlamentosu taraf\u0131ndan \u00f6ne s\u00fcr\u00fclen insan haklar\u0131 sloganlar\u0131n\u0131n aksine, Avrupa Parlamentosu taraf\u0131ndan \u00f6ne s\u00fcr\u00fclen insan haklar\u0131 sloganlar\u0131n\u0131n aksineNe yaz\u0131k ki, baz\u0131 \u00fcyeleri, \u00e7ocuklar da &hellip;<\/p>\n","protected":false},"author":41,"featured_media":281766,"comment_status":"closed","ping_status":"closed","sticky":false,"template":"","format":"standard","meta":{"footnotes":""},"categories":[458,459,17988],"tags":[],"class_list":["post-281765","post","type-post","status-publish","format-standard","has-post-thumbnail","","category-dunya1","category-haberler-arap-uluslararasi-politika","category-son-haberler"],"_links":{"self":[{"href":"https:\/\/archive.sana.sy\/tr\/index.php?rest_route=\/wp\/v2\/posts\/281765","targetHints":{"allow":["GET"]}}],"collection":[{"href":"https:\/\/archive.sana.sy\/tr\/index.php?rest_route=\/wp\/v2\/posts"}],"about":[{"href":"https:\/\/archive.sana.sy\/tr\/index.php?rest_route=\/wp\/v2\/types\/post"}],"author":[{"embeddable":true,"href":"https:\/\/archive.sana.sy\/tr\/index.php?rest_route=\/wp\/v2\/users\/41"}],"replies":[{"embeddable":true,"href":"https:\/\/archive.sana.sy\/tr\/index.php?rest_route=%2Fwp%2Fv2%2Fcomments&post=281765"}],"version-history":[{"count":0,"href":"https:\/\/archive.sana.sy\/tr\/index.php?rest_route=\/wp\/v2\/posts\/281765\/revisions"}],"wp:featuredmedia":[{"embeddable":true,"href":"https:\/\/archive.sana.sy\/tr\/index.php?rest_route=\/wp\/v2\/media\/281766"}],"wp:attachment":[{"href":"https:\/\/archive.sana.sy\/tr\/index.php?rest_route=%2Fwp%2Fv2%2Fmedia&parent=281765"}],"wp:term":[{"taxonomy":"category","embeddable":true,"href":"https:\/\/archive.sana.sy\/tr\/index.php?rest_route=%2Fwp%2Fv2%2Fcategories&post=281765"},{"taxonomy":"post_tag","embeddable":true,"href":"https:\/\/archive.sana.sy\/tr\/index.php?rest_route=%2Fwp%2Fv2%2Ftags&post=281765"}],"curies":[{"name":"wp","href":"https:\/\/api.w.org\/{rel}","templated":true}]}}