{"id":28179,"date":"2015-03-31T16:32:49","date_gmt":"2015-03-31T13:32:49","guid":{"rendered":"http:\/\/www.sana.sy\/tr\/?p=28179"},"modified":"2015-04-01T16:35:24","modified_gmt":"2015-04-01T13:35:24","slug":"hama-kirsalinda-yeni-bir-katliama-imza-attilar","status":"publish","type":"post","link":"https:\/\/archive.sana.sy\/tr\/?p=28179","title":{"rendered":"Ter\u00f6ristlerin Katliam\u0131nda 48 \u015eehit"},"content":{"rendered":"<p>HAMA \u2013 Eli kanl\u0131 ter\u00f6r \u00e7eteleri Hama iline tabi Selemiye k\u0131rsal\u0131n\u0131n Mabuca K\u00f6y\u00fcne bir\u00e7ok eksenden sald\u0131r\u0131p insanl\u0131k d\u0131\u015f\u0131 vah\u015fetlerde bulundu.<\/p>\n<p>Hama Emniyet M\u00fcd\u00fcrl\u00fc\u011f\u00fcn de bir kaynak ter\u00f6r \u00e7etelerin gece saatlerinde k\u00f6ye sald\u0131rd\u0131klar\u0131n\u0131, masum sivil vatanda\u015flar\u0131n evlerini yak\u0131p y\u0131kt\u0131klar\u0131n\u0131 s\u00f6yledi. Kaynak hain sald\u0131r\u0131da bo\u011fazlar\u0131 kesilerek, evleri yak\u0131larak yada muhtelif t\u00fcr silahlarla ate\u015f a\u00e7arak ger\u00e7ekle\u015ftirilen katliamda son bilan\u00e7oya g\u00f6re 48 ki\u015finin \u015fehit, \u00e7ok say\u0131da da yaral\u0131n\u0131n bulundu\u011funu belirtti. \u015eehit ve yaral\u0131lar\u0131n genelinin \u00e7ocuk ve kad\u0131nlardan olu\u015ftu\u011funa dikkat \u00e7eken kaynak; ter\u00f6ristlerin baz\u0131 aileleri t\u00fcm fertleriyle \u015fehit ettiklerini aktard\u0131.<\/p>\n<p>Kaynak ter\u00f6r \u00e7etelerin k\u00f6yde ya\u011fmalama ve gasp eylemleri ard\u0131ndan vatanda\u015flara ait onlarca evi yak\u0131p y\u0131kmalar\u0131yla k\u00f6y ahalisinin bir k\u0131sm\u0131n\u0131n 7 km do\u011fuda d\u00fc\u015fen Sabbura Nahiyesine ka\u00e7t\u0131klar\u0131n\u0131 s\u00f6zlerine ekledi.<\/p>\n<p>Bu arada k\u00f6y ahalisinin imdad\u0131na yeti\u015fen ordu birliklerimiz ulusal savunma g\u00fc\u00e7leri ve yerel ahalinin i\u015fbirli\u011fi ile ter\u00f6ristlere kar\u015f\u0131 koyarken sald\u0131rganlar\u0131 olduk\u00e7a a\u011f\u0131r be\u015feri kay\u0131plara u\u011fratt\u0131.<\/p>\n<p>Saha kaynaklar\u0131 ordu birliklerimizin ter\u00f6r \u00e7etelerin masum sivil vatanda\u015flar\u0131n evlerini havaya u\u00e7urmak i\u00e7in yerle\u015ftirdikleri 40\u2019tan fazla bomba d\u00fczene\u011fini etkisizle\u015ftirdiklerini belirtti.<\/p>\n<div id='gallery-1' class='gallery galleryid-28179 gallery-columns-3 gallery-size-thumbnail'><figure class='gallery-item'>\n\t\t\t<div class='gallery-icon landscape'>\n\t\t\t\t<a href='https:\/\/archive.sana.sy\/tr\/wp-content\/uploads\/2015\/03\/DSCI0029.jpg'><img loading=\"lazy\" decoding=\"async\" width=\"150\" height=\"113\" src=\"https:\/\/archive.sana.sy\/tr\/wp-content\/uploads\/2015\/03\/DSCI0029-150x113.jpg\" class=\"attachment-thumbnail size-thumbnail\" alt=\"\" srcset=\"https:\/\/archive.sana.sy\/tr\/wp-content\/uploads\/2015\/03\/DSCI0029-150x113.jpg 150w, https:\/\/archive.sana.sy\/tr\/wp-content\/uploads\/2015\/03\/DSCI0029-300x225.jpg 300w, https:\/\/archive.sana.sy\/tr\/wp-content\/uploads\/2015\/03\/DSCI0029-1024x768.jpg 1024w, https:\/\/archive.sana.sy\/tr\/wp-content\/uploads\/2015\/03\/DSCI0029.jpg 1500w\" sizes=\"auto, (max-width: 150px) 100vw, 150px\" \/><\/a>\n\t\t\t<\/div><\/figure><figure class='gallery-item'>\n\t\t\t<div class='gallery-icon landscape'>\n\t\t\t\t<a href='https:\/\/archive.sana.sy\/tr\/wp-content\/uploads\/2015\/03\/DSCI0010.jpg'><img loading=\"lazy\" decoding=\"async\" width=\"150\" height=\"107\" src=\"https:\/\/archive.sana.sy\/tr\/wp-content\/uploads\/2015\/03\/DSCI0010-150x107.jpg\" class=\"attachment-thumbnail size-thumbnail\" alt=\"\" srcset=\"https:\/\/archive.sana.sy\/tr\/wp-content\/uploads\/2015\/03\/DSCI0010-150x107.jpg 150w, https:\/\/archive.sana.sy\/tr\/wp-content\/uploads\/2015\/03\/DSCI0010-300x214.jpg 300w, https:\/\/archive.sana.sy\/tr\/wp-content\/uploads\/2015\/03\/DSCI0010-1024x730.jpg 1024w, https:\/\/archive.sana.sy\/tr\/wp-content\/uploads\/2015\/03\/DSCI0010.jpg 1500w\" sizes=\"auto, (max-width: 150px) 100vw, 150px\" \/><\/a>\n\t\t\t<\/div><\/figure><figure class='gallery-item'>\n\t\t\t<div class='gallery-icon landscape'>\n\t\t\t\t<a href='https:\/\/archive.sana.sy\/tr\/wp-content\/uploads\/2015\/03\/DSCI0019.jpg'><img loading=\"lazy\" decoding=\"async\" width=\"150\" height=\"103\" src=\"https:\/\/archive.sana.sy\/tr\/wp-content\/uploads\/2015\/03\/DSCI0019-150x103.jpg\" class=\"attachment-thumbnail size-thumbnail\" alt=\"\" srcset=\"https:\/\/archive.sana.sy\/tr\/wp-content\/uploads\/2015\/03\/DSCI0019-150x103.jpg 150w, https:\/\/archive.sana.sy\/tr\/wp-content\/uploads\/2015\/03\/DSCI0019-300x205.jpg 300w, https:\/\/archive.sana.sy\/tr\/wp-content\/uploads\/2015\/03\/DSCI0019-1024x701.jpg 1024w, https:\/\/archive.sana.sy\/tr\/wp-content\/uploads\/2015\/03\/DSCI0019.jpg 1500w\" sizes=\"auto, (max-width: 150px) 100vw, 150px\" \/><\/a>\n\t\t\t<\/div><\/figure>\n\t\t<\/div>\n\n<p>A.A.<\/p>\n<p>&nbsp;<\/p>\n<p>A.A.<\/p>\n","protected":false},"excerpt":{"rendered":"<p>HAMA \u2013 Eli kanl\u0131 ter\u00f6r \u00e7eteleri Hama iline tabi Selemiye k\u0131rsal\u0131n\u0131n Mabuca K\u00f6y\u00fcne bir\u00e7ok eksenden sald\u0131r\u0131p insanl\u0131k d\u0131\u015f\u0131 vah\u015fetlerde bulundu. Hama Emniyet M\u00fcd\u00fcrl\u00fc\u011f\u00fcn de bir kaynak ter\u00f6r \u00e7etelerin gece saatlerinde k\u00f6ye sald\u0131rd\u0131klar\u0131n\u0131, masum sivil vatanda\u015flar\u0131n evlerini yak\u0131p y\u0131kt\u0131klar\u0131n\u0131 s\u00f6yledi. Kaynak hain sald\u0131r\u0131da bo\u011fazlar\u0131 kesilerek, evleri yak\u0131larak yada muhtelif t\u00fcr silahlarla ate\u015f a\u00e7arak ger\u00e7ekle\u015ftirilen katliamda son &hellip;<\/p>\n","protected":false},"author":1,"featured_media":28180,"comment_status":"closed","ping_status":"closed","sticky":false,"template":"","format":"standard","meta":{"footnotes":""},"categories":[575],"tags":[13146],"class_list":["post-28179","post","type-post","status-publish","format-standard","has-post-thumbnail","","category-olaylar-ve-gercekler","tag-teroristlerin-katliaminda-40-sehit-hama-eli-kanli-teror-ceteleri-hama-iline-tabi-selemiye-kirsalinin-mabuca-koyune-bircok-eksenden-saldirip-insanlik-disi-vahsetlerde-bulundu"],"_links":{"self":[{"href":"https:\/\/archive.sana.sy\/tr\/index.php?rest_route=\/wp\/v2\/posts\/28179","targetHints":{"allow":["GET"]}}],"collection":[{"href":"https:\/\/archive.sana.sy\/tr\/index.php?rest_route=\/wp\/v2\/posts"}],"about":[{"href":"https:\/\/archive.sana.sy\/tr\/index.php?rest_route=\/wp\/v2\/types\/post"}],"author":[{"embeddable":true,"href":"https:\/\/archive.sana.sy\/tr\/index.php?rest_route=\/wp\/v2\/users\/1"}],"replies":[{"embeddable":true,"href":"https:\/\/archive.sana.sy\/tr\/index.php?rest_route=%2Fwp%2Fv2%2Fcomments&post=28179"}],"version-history":[{"count":0,"href":"https:\/\/archive.sana.sy\/tr\/index.php?rest_route=\/wp\/v2\/posts\/28179\/revisions"}],"wp:featuredmedia":[{"embeddable":true,"href":"https:\/\/archive.sana.sy\/tr\/index.php?rest_route=\/wp\/v2\/media\/28180"}],"wp:attachment":[{"href":"https:\/\/archive.sana.sy\/tr\/index.php?rest_route=%2Fwp%2Fv2%2Fmedia&parent=28179"}],"wp:term":[{"taxonomy":"category","embeddable":true,"href":"https:\/\/archive.sana.sy\/tr\/index.php?rest_route=%2Fwp%2Fv2%2Fcategories&post=28179"},{"taxonomy":"post_tag","embeddable":true,"href":"https:\/\/archive.sana.sy\/tr\/index.php?rest_route=%2Fwp%2Fv2%2Ftags&post=28179"}],"curies":[{"name":"wp","href":"https:\/\/api.w.org\/{rel}","templated":true}]}}