{"id":281807,"date":"2023-05-31T10:17:56","date_gmt":"2023-05-31T07:17:56","guid":{"rendered":"https:\/\/sana.sy\/tr\/?p=281807"},"modified":"2023-06-01T10:33:04","modified_gmt":"2023-06-01T07:33:04","slug":"slovak-milletvekili-suriyenin-arap-birligi-toplantilarina-katilimi-ortadogu-icin-olumlu-bir-isaret","status":"publish","type":"post","link":"https:\/\/archive.sana.sy\/tr\/?p=281807","title":{"rendered":"Slovak Parlamenter: Suriye&#8217;nin Arap Birli\u011fi Toplant\u0131lar\u0131na Kat\u0131l\u0131m\u0131 Ortado\u011fu \u0130\u00e7in Olumlu Bir \u0130\u015faret"},"content":{"rendered":"<p><strong>BRAG<\/strong> \u2013 Slovak Parlamentosu \u00dcyesi ve Sosyal Demokrat Samir Partisi ba\u015fkan yard\u0131mc\u0131s\u0131 Dr. Lubus Blaha, Suriye&#8217;nin Arap Devletleri Birli\u011fi toplant\u0131lar\u0131na kat\u0131lmas\u0131n\u0131n t\u00fcm Ortado\u011fu i\u00e7in olumlu bir i\u015faret oldu\u011funu do\u011frulad\u0131.<\/p>\n<p>Blaha bug\u00fcn Prag&#8217;da SANA muhabirine yapt\u0131\u011f\u0131 a\u00e7\u0131klamada \u015funlar\u0131 s\u00f6yledi: &#8221;Bu kat\u0131l\u0131m, baz\u0131 Bat\u0131l\u0131 g\u00fc\u00e7lerin b\u00f6lgede ekmeye \u00e7al\u0131\u015ft\u0131\u011f\u0131 ideolojik kine kar\u015f\u0131 bir zaferi temsil ederek, bar\u0131\u015f\u00e7\u0131l b\u00f6lgesel i\u015fbirli\u011finin istikrar ve refah getirebilece\u011fini vurgulad\u0131&#8221;.<\/p>\n<p>Blaha ayr\u0131ca, \u00c7at\u0131\u015fma ve sava\u015f siyasetinin sonu\u00e7 vermedi\u011fi, gelece\u011fin kalk\u0131nma ve ilerleme i\u00e7in i\u015fbirli\u011fi ve diplomaside oldu\u011funa i\u015faret etti.<\/p>\n<p><a href=\"https:\/\/t.me\/SuriyeArapHaberAjansI\">Telegram Kanal\u0131m\u0131z\u00a0<\/a><\/p>\n<p><a href=\"https:\/\/www.facebook.com\/SANAHaberAjansi\/\">Facebook Sayfam\u0131z<\/a><\/p>\n<p><a href=\"https:\/\/twitter.com\/arap_ajans\">Twitter Hesab\u0131m\u0131z<\/a><\/p>\n","protected":false},"excerpt":{"rendered":"<p>BRAG \u2013 Slovak Parlamentosu \u00dcyesi ve Sosyal Demokrat Samir Partisi ba\u015fkan yard\u0131mc\u0131s\u0131 Dr. Lubus Blaha, Suriye&#8217;nin Arap Devletleri Birli\u011fi toplant\u0131lar\u0131na kat\u0131lmas\u0131n\u0131n t\u00fcm Ortado\u011fu i\u00e7in olumlu bir i\u015faret oldu\u011funu do\u011frulad\u0131. Blaha bug\u00fcn Prag&#8217;da SANA muhabirine yapt\u0131\u011f\u0131 a\u00e7\u0131klamada \u015funlar\u0131 s\u00f6yledi: &#8221;Bu kat\u0131l\u0131m, baz\u0131 Bat\u0131l\u0131 g\u00fc\u00e7lerin b\u00f6lgede ekmeye \u00e7al\u0131\u015ft\u0131\u011f\u0131 ideolojik kine kar\u015f\u0131 bir zaferi temsil ederek, bar\u0131\u015f\u00e7\u0131l b\u00f6lgesel &hellip;<\/p>\n","protected":false},"author":39,"featured_media":281808,"comment_status":"closed","ping_status":"closed","sticky":false,"template":"","format":"standard","meta":{"footnotes":""},"categories":[458,459,17988],"tags":[],"class_list":["post-281807","post","type-post","status-publish","format-standard","has-post-thumbnail","","category-dunya1","category-haberler-arap-uluslararasi-politika","category-son-haberler"],"_links":{"self":[{"href":"https:\/\/archive.sana.sy\/tr\/index.php?rest_route=\/wp\/v2\/posts\/281807","targetHints":{"allow":["GET"]}}],"collection":[{"href":"https:\/\/archive.sana.sy\/tr\/index.php?rest_route=\/wp\/v2\/posts"}],"about":[{"href":"https:\/\/archive.sana.sy\/tr\/index.php?rest_route=\/wp\/v2\/types\/post"}],"author":[{"embeddable":true,"href":"https:\/\/archive.sana.sy\/tr\/index.php?rest_route=\/wp\/v2\/users\/39"}],"replies":[{"embeddable":true,"href":"https:\/\/archive.sana.sy\/tr\/index.php?rest_route=%2Fwp%2Fv2%2Fcomments&post=281807"}],"version-history":[{"count":0,"href":"https:\/\/archive.sana.sy\/tr\/index.php?rest_route=\/wp\/v2\/posts\/281807\/revisions"}],"wp:featuredmedia":[{"embeddable":true,"href":"https:\/\/archive.sana.sy\/tr\/index.php?rest_route=\/wp\/v2\/media\/281808"}],"wp:attachment":[{"href":"https:\/\/archive.sana.sy\/tr\/index.php?rest_route=%2Fwp%2Fv2%2Fmedia&parent=281807"}],"wp:term":[{"taxonomy":"category","embeddable":true,"href":"https:\/\/archive.sana.sy\/tr\/index.php?rest_route=%2Fwp%2Fv2%2Fcategories&post=281807"},{"taxonomy":"post_tag","embeddable":true,"href":"https:\/\/archive.sana.sy\/tr\/index.php?rest_route=%2Fwp%2Fv2%2Ftags&post=281807"}],"curies":[{"name":"wp","href":"https:\/\/api.w.org\/{rel}","templated":true}]}}