{"id":281816,"date":"2023-05-31T11:05:08","date_gmt":"2023-05-31T08:05:08","guid":{"rendered":"https:\/\/sana.sy\/tr\/?p=281816"},"modified":"2023-06-01T10:33:08","modified_gmt":"2023-06-01T07:33:08","slug":"ersadi-israilin-suriye-topraklarina-yonelik-saldirilari-bolgenin-baris-ve-istikrari-icin-ciddi-bir-tehdittir","status":"publish","type":"post","link":"https:\/\/archive.sana.sy\/tr\/?p=281816","title":{"rendered":"Er\u015fadi: \u0130srail&#8217;in Suriye Topraklar\u0131na Y\u00f6nelik Sald\u0131r\u0131lar\u0131 B\u00f6lgenin Bar\u0131\u015f Ve \u0130stikrar\u0131 \u0130\u00e7in Ciddi Bir Tehdittir"},"content":{"rendered":"<p><strong>TAHRAN<\/strong> \u2013 \u0130ran B\u00fcy\u00fckel\u00e7isi ve Birle\u015fmi\u015f Milletler Temsilci Yard\u0131mc\u0131s\u0131 Zehra Er\u015fadi, \u0130srail&#8217;in Suriye topraklar\u0131na y\u00f6nelik ter\u00f6r sald\u0131r\u0131lar\u0131n\u0131n uluslararas\u0131 insanc\u0131l hukuku ve Birle\u015fmi\u015f Milletler \u015eart\u0131&#8217;nda yer alan ilkeleri a\u00e7\u0131k\u00e7a ihlal etti\u011fini, b\u00f6lgede bar\u0131\u015f ve istikrar i\u00e7in ciddi bir tehdit olu\u015fturdu\u011funu vurgulad\u0131.<\/p>\n<p>Er\u015fadi, BM G\u00fcvenlik Konseyi toplant\u0131s\u0131nda yapt\u0131\u011f\u0131 konu\u015fmada: &#8220;uluslararas\u0131 toplumun, \u0130srail&#8217;in Suriye&#8217;nin egemenli\u011fine ve toprak b\u00fct\u00fcnl\u00fc\u011f\u00fcne y\u00f6nelik sald\u0131rgan eylemlerini ve ter\u00f6r sald\u0131r\u0131lar\u0131n\u0131 s\u0131n\u0131rlama konusundaki ba\u015far\u0131s\u0131zl\u0131\u011f\u0131 son derece rahats\u0131z edici&#8221; diyerek, \u0130ran&#8217;\u0131n bu i\u011fren\u00e7 su\u00e7lar\u0131 \u015fiddetle k\u0131nad\u0131\u011f\u0131n\u0131 ve bu yasad\u0131\u015f\u0131 olu\u015fuma kar\u015f\u0131 koymak i\u00e7in acil ve kararl\u0131 \u00f6nlemler al\u0131nmas\u0131 gerekti\u011fini vurgulad\u0131.<\/p>\n<p>Er\u015fadi ayr\u0131ca: &#8220;Suriye&#8217;deki insani ve ekonomik krizle etkin bir \u015fekilde ba\u015fa \u00e7\u0131kabilmek i\u00e7in kapsaml\u0131 bir yakla\u015f\u0131m izlemek gerekiyor ve bu yakla\u015f\u0131m yeterli finansman\u0131n sa\u011flanmas\u0131n\u0131, yapt\u0131r\u0131mlar\u0131n kald\u0131r\u0131lmas\u0131n\u0131 i\u00e7ermelidir ve b\u00f6yle bir yakla\u015f\u0131m sadece insan hayat\u0131n\u0131 kurtarmakla kalmaz, ama ayn\u0131 zamanda altyap\u0131y\u0131 yeniden in\u015fa etmek, toplumu yeniden in\u015fa etmek ve Suriye ekonomisini canland\u0131rmak i\u00e7in temel at\u0131yor&#8221; dedi.<\/p>\n<p>Er\u015fadi, ter\u00f6r\u00fcn Suriye ve b\u00f6lge i\u00e7in hala tehdit olu\u015fturdu\u011funa ve bununla sert bir \u015fekilde m\u00fccadele edilmesi gerekti\u011fine i\u015faret ederek, yabanc\u0131 askeri g\u00fc\u00e7lerin Suriye&#8217;deki yasad\u0131\u015f\u0131 varl\u0131\u011f\u0131n\u0131n bu \u00fclkedeki g\u00fcvensizli\u011fin ana kayna\u011f\u0131 oldu\u011funu vurgulad\u0131.<\/p>\n<p>\u0130ran B\u00fcy\u00fckel\u00e7isi, ter\u00f6rle m\u00fccadelenin Suriye&#8217;nin ulusal egemenli\u011fine, toprak b\u00fct\u00fcnl\u00fc\u011f\u00fcne ve ba\u011f\u0131ms\u0131zl\u0131\u011f\u0131na tam sayg\u0131 i\u00e7inde y\u00fcr\u00fct\u00fclmesi gerekti\u011fini ve uluslararas\u0131 hukukun bu temel ilkelerini ihlal etmek i\u00e7in bahane olarak kullan\u0131lmamas\u0131 gerekti\u011fini vurgulad\u0131.<\/p>\n<p><a href=\"https:\/\/t.me\/SuriyeArapHaberAjansI\">Telegram Kanal\u0131m\u0131z\u00a0<\/a><\/p>\n<p><a href=\"https:\/\/www.facebook.com\/SANAHaberAjansi\/\">Facebook Sayfam\u0131z<\/a><\/p>\n","protected":false},"excerpt":{"rendered":"<p>TAHRAN \u2013 \u0130ran B\u00fcy\u00fckel\u00e7isi ve Birle\u015fmi\u015f Milletler Temsilci Yard\u0131mc\u0131s\u0131 Zehra Er\u015fadi, \u0130srail&#8217;in Suriye topraklar\u0131na y\u00f6nelik ter\u00f6r sald\u0131r\u0131lar\u0131n\u0131n uluslararas\u0131 insanc\u0131l hukuku ve Birle\u015fmi\u015f Milletler \u015eart\u0131&#8217;nda yer alan ilkeleri a\u00e7\u0131k\u00e7a ihlal etti\u011fini, b\u00f6lgede bar\u0131\u015f ve istikrar i\u00e7in ciddi bir tehdit olu\u015fturdu\u011funu vurgulad\u0131. Er\u015fadi, BM G\u00fcvenlik Konseyi toplant\u0131s\u0131nda yapt\u0131\u011f\u0131 konu\u015fmada: &#8220;uluslararas\u0131 toplumun, \u0130srail&#8217;in Suriye&#8217;nin egemenli\u011fine ve toprak b\u00fct\u00fcnl\u00fc\u011f\u00fcne &hellip;<\/p>\n","protected":false},"author":39,"featured_media":281817,"comment_status":"closed","ping_status":"closed","sticky":false,"template":"","format":"standard","meta":{"footnotes":""},"categories":[458,459,17988],"tags":[],"class_list":["post-281816","post","type-post","status-publish","format-standard","has-post-thumbnail","","category-dunya1","category-haberler-arap-uluslararasi-politika","category-son-haberler"],"_links":{"self":[{"href":"https:\/\/archive.sana.sy\/tr\/index.php?rest_route=\/wp\/v2\/posts\/281816","targetHints":{"allow":["GET"]}}],"collection":[{"href":"https:\/\/archive.sana.sy\/tr\/index.php?rest_route=\/wp\/v2\/posts"}],"about":[{"href":"https:\/\/archive.sana.sy\/tr\/index.php?rest_route=\/wp\/v2\/types\/post"}],"author":[{"embeddable":true,"href":"https:\/\/archive.sana.sy\/tr\/index.php?rest_route=\/wp\/v2\/users\/39"}],"replies":[{"embeddable":true,"href":"https:\/\/archive.sana.sy\/tr\/index.php?rest_route=%2Fwp%2Fv2%2Fcomments&post=281816"}],"version-history":[{"count":0,"href":"https:\/\/archive.sana.sy\/tr\/index.php?rest_route=\/wp\/v2\/posts\/281816\/revisions"}],"wp:featuredmedia":[{"embeddable":true,"href":"https:\/\/archive.sana.sy\/tr\/index.php?rest_route=\/wp\/v2\/media\/281817"}],"wp:attachment":[{"href":"https:\/\/archive.sana.sy\/tr\/index.php?rest_route=%2Fwp%2Fv2%2Fmedia&parent=281816"}],"wp:term":[{"taxonomy":"category","embeddable":true,"href":"https:\/\/archive.sana.sy\/tr\/index.php?rest_route=%2Fwp%2Fv2%2Fcategories&post=281816"},{"taxonomy":"post_tag","embeddable":true,"href":"https:\/\/archive.sana.sy\/tr\/index.php?rest_route=%2Fwp%2Fv2%2Ftags&post=281816"}],"curies":[{"name":"wp","href":"https:\/\/api.w.org\/{rel}","templated":true}]}}