{"id":281819,"date":"2023-05-31T12:39:21","date_gmt":"2023-05-31T09:39:21","guid":{"rendered":"https:\/\/sana.sy\/tr\/?p=281819"},"modified":"2023-06-01T10:33:10","modified_gmt":"2023-06-01T07:33:10","slug":"tabbaa-suudi-mavhiba-vakfi-direktoru-ile-seckinleri-desteklemek-icin-egitim-isbirligini-gelistirmenin-yollarini-gorustu","status":"publish","type":"post","link":"https:\/\/archive.sana.sy\/tr\/?p=281819","title":{"rendered":"Tabbaa, Suudi &#8220;Mavhiba&#8221; Vakf\u0131 Direkt\u00f6r\u00fc \u0130le Se\u00e7kinleri Desteklemek \u0130\u00e7in E\u011fitim \u0130\u015fbirli\u011fini Geli\u015ftirmenin Yollar\u0131n\u0131 G\u00f6r\u00fc\u015ft\u00fc"},"content":{"rendered":"<p><strong>RABAT<\/strong> \u2013 Arap Birli\u011fi E\u011fitim, K\u00fclt\u00fcr ve Bilim \u00d6rg\u00fct\u00fc (ALECSO) himayelerinde d\u00fczenlenen ve \u015fu anda Fas&#8217;\u0131n ba\u015fkenti Rabat&#8217;ta d\u00fczenlenen 13. Arap E\u011fitim Bakanlar\u0131 Konferans\u0131&#8217;n\u0131n oturum aralar\u0131nda, E\u011fitim Bakan\u0131 Dr. Darem Tabaa , bug\u00fcn Suudi Arabistan (Mavhiba) Vakf\u0131 M\u00fckemmeliyet Genel M\u00fcd\u00fcr\u00fc Dr. Khalid bin Muhammed Al \u015eerif ile ortak i\u015fbirli\u011fi umutlar\u0131n\u0131 g\u00f6r\u00fc\u015ft\u00fc.<\/p>\n<p><img loading=\"lazy\" decoding=\"async\" class=\"size-full wp-image-281821 alignright\" src=\"http:\/\/sana.sy\/tr\/wp-content\/uploads\/2023\/05\/2-81-300x193-1.jpg\" alt=\"\" width=\"300\" height=\"193\" \/>Bakan Tabbaa, farkl\u0131 ya\u015f gruplar\u0131ndan se\u00e7kinlere y\u00f6nelik bir dizi e\u011fitim program\u0131 ve faaliyet arac\u0131l\u0131\u011f\u0131yla Suriye&#8217;nin m\u00fckemmellik, yarat\u0131c\u0131l\u0131k ve \u00fcst\u00fcn zek\u00e2l\u0131lara \u00f6zen g\u00f6sterme alanlar\u0131na olan ilgisini g\u00f6sterdi.<\/p>\n<p>G\u00f6r\u00fc\u015fme s\u0131ras\u0131nda, &#8220;Mavhiba&#8221; Vakf\u0131 taraf\u0131ndan her y\u0131l Haziran ay\u0131nda ba\u015flay\u0131p Eyl\u00fcl ay\u0131nda sona erecek olan y\u0131ll\u0131k etkinli\u011fe bir dizi Arap \u00fclkesiyle birlikte kat\u0131lmas\u0131 i\u00e7in Suriye&#8217;ye davet sunuldu.<\/p>\n<p><a href=\"https:\/\/t.me\/SuriyeArapHaberAjansI\">Telegram Kanal\u0131m\u0131z\u00a0<\/a><\/p>\n<p><a href=\"https:\/\/www.facebook.com\/SANAHaberAjansi\/\">Facebook Sayfam\u0131z<\/a><\/p>\n<p><a href=\"https:\/\/twitter.com\/arap_ajans\">Twitter Hesab\u0131m\u0131z<\/a><\/p>\n","protected":false},"excerpt":{"rendered":"<p>RABAT \u2013 Arap Birli\u011fi E\u011fitim, K\u00fclt\u00fcr ve Bilim \u00d6rg\u00fct\u00fc (ALECSO) himayelerinde d\u00fczenlenen ve \u015fu anda Fas&#8217;\u0131n ba\u015fkenti Rabat&#8217;ta d\u00fczenlenen 13. Arap E\u011fitim Bakanlar\u0131 Konferans\u0131&#8217;n\u0131n oturum aralar\u0131nda, E\u011fitim Bakan\u0131 Dr. Darem Tabaa , bug\u00fcn Suudi Arabistan (Mavhiba) Vakf\u0131 M\u00fckemmeliyet Genel M\u00fcd\u00fcr\u00fc Dr. Khalid bin Muhammed Al \u015eerif ile ortak i\u015fbirli\u011fi umutlar\u0131n\u0131 g\u00f6r\u00fc\u015ft\u00fc. Bakan Tabbaa, farkl\u0131 ya\u015f &hellip;<\/p>\n","protected":false},"author":39,"featured_media":281820,"comment_status":"closed","ping_status":"closed","sticky":false,"template":"","format":"standard","meta":{"footnotes":""},"categories":[458,459,17988],"tags":[],"class_list":["post-281819","post","type-post","status-publish","format-standard","has-post-thumbnail","","category-dunya1","category-haberler-arap-uluslararasi-politika","category-son-haberler"],"_links":{"self":[{"href":"https:\/\/archive.sana.sy\/tr\/index.php?rest_route=\/wp\/v2\/posts\/281819","targetHints":{"allow":["GET"]}}],"collection":[{"href":"https:\/\/archive.sana.sy\/tr\/index.php?rest_route=\/wp\/v2\/posts"}],"about":[{"href":"https:\/\/archive.sana.sy\/tr\/index.php?rest_route=\/wp\/v2\/types\/post"}],"author":[{"embeddable":true,"href":"https:\/\/archive.sana.sy\/tr\/index.php?rest_route=\/wp\/v2\/users\/39"}],"replies":[{"embeddable":true,"href":"https:\/\/archive.sana.sy\/tr\/index.php?rest_route=%2Fwp%2Fv2%2Fcomments&post=281819"}],"version-history":[{"count":0,"href":"https:\/\/archive.sana.sy\/tr\/index.php?rest_route=\/wp\/v2\/posts\/281819\/revisions"}],"wp:featuredmedia":[{"embeddable":true,"href":"https:\/\/archive.sana.sy\/tr\/index.php?rest_route=\/wp\/v2\/media\/281820"}],"wp:attachment":[{"href":"https:\/\/archive.sana.sy\/tr\/index.php?rest_route=%2Fwp%2Fv2%2Fmedia&parent=281819"}],"wp:term":[{"taxonomy":"category","embeddable":true,"href":"https:\/\/archive.sana.sy\/tr\/index.php?rest_route=%2Fwp%2Fv2%2Fcategories&post=281819"},{"taxonomy":"post_tag","embeddable":true,"href":"https:\/\/archive.sana.sy\/tr\/index.php?rest_route=%2Fwp%2Fv2%2Ftags&post=281819"}],"curies":[{"name":"wp","href":"https:\/\/api.w.org\/{rel}","templated":true}]}}