{"id":281823,"date":"2023-05-31T12:46:53","date_gmt":"2023-05-31T09:46:53","guid":{"rendered":"https:\/\/sana.sy\/tr\/?p=281823"},"modified":"2023-06-01T14:39:00","modified_gmt":"2023-06-01T11:39:00","slug":"venezueladan-suriyeye-giden-ilk-direkt-ucagi-uluslararasi-sam-havalimanina-indi","status":"publish","type":"post","link":"https:\/\/archive.sana.sy\/tr\/?p=281823","title":{"rendered":"Venez\u00fcela&#8217;dan Suriye&#8217;ye Giden \u0130lk U\u00e7ak Uluslararas\u0131 \u015eam Havaliman\u0131&#8217;na Vard\u0131"},"content":{"rendered":"<p><strong>\u015eAM<\/strong> &#8211; Bug\u00fcn, iki \u00fclke aras\u0131nda yakla\u015f\u0131k 12 y\u0131ld\u0131r ask\u0131ya al\u0131nan hava trafi\u011finin geri d\u00f6n\u00fc\u015f\u00fc m\u00fcnasebetiyle, Karakas Havaliman\u0131&#8217;ndan Venezuela&#8217;dan Suriye&#8217;ye ilk direkt u\u00e7ak \u015eam Uluslararas\u0131 Havaliman\u0131&#8217;na ula\u015ft\u0131.<\/p>\n<p><img loading=\"lazy\" decoding=\"async\" class=\"size-full wp-image-281857 alignright\" src=\"http:\/\/sana.sy\/tr\/wp-content\/uploads\/2023\/05\/DSC_7963-copy-300x200-1.jpg\" alt=\"\" width=\"300\" height=\"200\" \/><\/p>\n<p>SANA muhabiri, u\u00e7akta Venez\u00fcela Ula\u015ft\u0131rma Bakan\u0131, Venez\u00fcela D\u0131\u015fi\u015fleri Bakan Yard\u0131mc\u0131s\u0131 ve \u00e7ok say\u0131da Venezuelal\u0131 yetkili, medya \u00e7al\u0131\u015fan\u0131, turist ve i\u015f adam\u0131n\u0131n da bulundu\u011fu 102 yolcu oldu\u011funu bildirdi.<\/p>\n<p>Ula\u015ft\u0131rma Bakan\u0131 Z\u00fcheyir Huzeyim, Venez\u00fcella Ula\u015ft\u0131rma Bakan\u0131 ile \u015eam Havaliman\u0131&#8217;nda yapt\u0131\u011f\u0131 g\u00f6r\u00fc\u015fmede, \u00e7e\u015fitli alanlarda b\u00fcy\u00fck umutlar yaratacak olan iki \u00fclke aras\u0131ndaki u\u00e7u\u015flar\u0131n geri d\u00f6nmesinin \u00f6nemine i\u015faret ederek, Suriye ile Venez\u00fcella aras\u0131nda ortak bir i\u015fbirli\u011fi mekanizmas\u0131n\u0131n geli\u015ftirilmesi, daha \u00f6nce imzalanan t\u00fcm anla\u015fmalar\u0131n yeniden etkinle\u015ftirilmesi i\u00e7in g\u00f6r\u00fc\u015fmelerin yap\u0131laca\u011f\u0131na dikkat \u00e7ekti.<\/p>\n<p>Bolivarc\u0131 Venez\u00fcela Cumhuriyeti Ula\u015ft\u0131rma Bakan\u0131 Ramon Pelasquez Aragoyan yapt\u0131\u011f\u0131 bas\u0131n a\u00e7\u0131klamas\u0131nda ise, \u201c12 y\u0131l sonra iki \u00fclke aras\u0131ndaki u\u00e7u\u015flara yeniden ba\u015flayaca\u011f\u0131z ve bu u\u00e7u\u015f, halklar\u0131m\u0131z i\u00e7in bir zafer ve iki \u00fclke <img loading=\"lazy\" decoding=\"async\" class=\"size-full wp-image-281859 alignright\" src=\"http:\/\/sana.sy\/tr\/wp-content\/uploads\/2023\/05\/DSC_8034-copy-300x196-1.jpg\" alt=\"\" width=\"300\" height=\"196\" \/>liderlerinin iradesinin somutla\u015fm\u0131\u015f halidir ve Suriye ve Venez\u00fcella halklar\u0131n\u0131n \u00e7\u0131kar\u0131nad\u0131r. \u201d diyerek,\u00a0 \u2018\u2019Cumhurba\u015fkan\u0131 Nicolas Maduro ve Venez\u00fcela halk\u0131n\u0131n selamlar\u0131n\u0131 iletiyor, bu gezinin iki karde\u015f halk aras\u0131ndaki ileti\u015fimi ve ili\u015fkileri art\u0131rmak \u00fczere Ba\u015fkan Maduro&#8217;nun direktifleri do\u011frultusunda yap\u0131ld\u0131\u011f\u0131n\u0131 ifade ediyorum.\u2019\u2019 ifadelerini s\u00f6zlerine ekledi.<\/p>\n<p>Aragoyan ayr\u0131ca, \u2018\u2019iki \u00fclke aras\u0131ndaki ticari ba\u011flant\u0131y\u0131 yeniden tesis etmeye ba\u015flad\u0131\u011f\u0131m\u0131za dikkat \u00e7ekti ve bu geziye memnuniyetle gelen Suriyelilerin ve L\u00fcbnanl\u0131lar\u0131n geli\u015fine g\u00fcveniyoruz.\u2019\u2019 a\u00e7\u0131klamada bulunurken, Karakas&#8217;tan direkt olarak \u015eam&#8217;a u\u00e7u\u015fun 12 saat s\u00fcrd\u00fc\u011f\u00fcne dikkat \u00e7ekti.<\/p>\n<p>Venez\u00fcela Ula\u015ft\u0131rma Bakan\u0131, Suriye h\u00fck\u00fcmetine ve Venez\u00fcella&#8217;n\u0131n \u015eam&#8217;daki b\u00fcy\u00fckel\u00e7isine iki \u00fclke aras\u0131ndaki <img loading=\"lazy\" decoding=\"async\" class=\"size-full wp-image-281858 alignright\" src=\"http:\/\/sana.sy\/tr\/wp-content\/uploads\/2023\/05\/DSC_7760-copy-300x200-1.jpg\" alt=\"\" width=\"300\" height=\"200\" \/>u\u00e7u\u015flar\u0131n yeniden ba\u015flamas\u0131 i\u00e7in gerekli kolayl\u0131klar\u0131n sa\u011flanmas\u0131ndaki b\u00fcy\u00fck \u00e7abalar\u0131ndan dolay\u0131 te\u015fekk\u00fcr etti ve Suriyelileri Venez\u00fcella Havayollar\u0131&#8217;n\u0131 (Conviasa) kullanarak Venezuela&#8217;ya gitmeleri ve hakk\u0131nda bilgi edinmeleri \u00e7a\u011fr\u0131s\u0131nda bulundu<\/p>\n<p>Bolivarc\u0131 Venez\u00fcela Cumhuriyeti&#8217;nin \u015eam B\u00fcy\u00fckel\u00e7isi Jose Gregorio Biomorji Musatis de, hava trafi\u011finin geri d\u00f6n\u00fc\u015f\u00fcn\u00fcn iki \u00fclkenin koordinasyonu ve b\u00fcy\u00fck \u00e7abalar\u0131 sonucunda geldi\u011fini ifade ederek,\u00a0 bunun iki \u00fclke aras\u0131ndaki ili\u015fkilerin g\u00fc\u00e7lendirilmesinde ileriye do\u011fru at\u0131lm\u0131\u015f bir ad\u0131m ve hem liderler hem de halklar i\u00e7in bir ba\u015far\u0131 oldu\u011funu kaydetti.<\/p>\n<p>D\u0131\u015fi\u015fleri ve Gurbet\u00e7iler Bakanl\u0131\u011f\u0131 ABD Dairesi Ba\u015fkan\u0131 B\u00fcy\u00fckel\u00e7i Halil Bitar ise, \u015eam Havaliman\u0131&#8217;nda yapt\u0131\u011f\u0131 bas\u0131n a\u00e7\u0131klamas\u0131nda, &#8220;\u015eam ile Karakas aras\u0131nda 15 g\u00fcnde bir u\u00e7u\u015f ger\u00e7ekle\u015ftirilece\u011fini\u00a0 de belirtti.<\/p>\n<div id='gallery-1' class='gallery galleryid-281823 gallery-columns-4 gallery-size-medium'><figure class='gallery-item'>\n\t\t\t<div class='gallery-icon landscape'>\n\t\t\t\t<a href='https:\/\/archive.sana.sy\/tr\/?attachment_id=281860'><img loading=\"lazy\" decoding=\"async\" width=\"300\" height=\"198\" src=\"https:\/\/archive.sana.sy\/tr\/wp-content\/uploads\/2023\/05\/1111111111111-3-300x198.jpg\" class=\"attachment-medium size-medium\" alt=\"\" srcset=\"https:\/\/archive.sana.sy\/tr\/wp-content\/uploads\/2023\/05\/1111111111111-3-300x198.jpg 300w, https:\/\/archive.sana.sy\/tr\/wp-content\/uploads\/2023\/05\/1111111111111-3-310x205.jpg 310w, https:\/\/archive.sana.sy\/tr\/wp-content\/uploads\/2023\/05\/1111111111111-3.jpg 660w\" sizes=\"auto, (max-width: 300px) 100vw, 300px\" \/><\/a>\n\t\t\t<\/div><\/figure><figure class='gallery-item'>\n\t\t\t<div class='gallery-icon landscape'>\n\t\t\t\t<a href='https:\/\/archive.sana.sy\/tr\/?attachment_id=281861'><img loading=\"lazy\" decoding=\"async\" width=\"300\" height=\"195\" src=\"https:\/\/archive.sana.sy\/tr\/wp-content\/uploads\/2023\/05\/8888888888-300x195.jpg\" class=\"attachment-medium size-medium\" alt=\"\" srcset=\"https:\/\/archive.sana.sy\/tr\/wp-content\/uploads\/2023\/05\/8888888888-300x195.jpg 300w, https:\/\/archive.sana.sy\/tr\/wp-content\/uploads\/2023\/05\/8888888888.jpg 660w\" sizes=\"auto, (max-width: 300px) 100vw, 300px\" \/><\/a>\n\t\t\t<\/div><\/figure><figure class='gallery-item'>\n\t\t\t<div class='gallery-icon landscape'>\n\t\t\t\t<a href='https:\/\/archive.sana.sy\/tr\/?attachment_id=281862'><img loading=\"lazy\" decoding=\"async\" width=\"300\" height=\"200\" src=\"https:\/\/archive.sana.sy\/tr\/wp-content\/uploads\/2023\/05\/7777777777777777-300x200.jpg\" class=\"attachment-medium size-medium\" alt=\"\" srcset=\"https:\/\/archive.sana.sy\/tr\/wp-content\/uploads\/2023\/05\/7777777777777777-300x200.jpg 300w, https:\/\/archive.sana.sy\/tr\/wp-content\/uploads\/2023\/05\/7777777777777777.jpg 660w\" sizes=\"auto, (max-width: 300px) 100vw, 300px\" \/><\/a>\n\t\t\t<\/div><\/figure><figure class='gallery-item'>\n\t\t\t<div class='gallery-icon landscape'>\n\t\t\t\t<a href='https:\/\/archive.sana.sy\/tr\/?attachment_id=281863'><img loading=\"lazy\" decoding=\"async\" width=\"300\" height=\"200\" src=\"https:\/\/archive.sana.sy\/tr\/wp-content\/uploads\/2023\/05\/6666666666-300x200.jpg\" class=\"attachment-medium size-medium\" alt=\"\" srcset=\"https:\/\/archive.sana.sy\/tr\/wp-content\/uploads\/2023\/05\/6666666666-300x200.jpg 300w, https:\/\/archive.sana.sy\/tr\/wp-content\/uploads\/2023\/05\/6666666666.jpg 660w\" sizes=\"auto, (max-width: 300px) 100vw, 300px\" \/><\/a>\n\t\t\t<\/div><\/figure><figure class='gallery-item'>\n\t\t\t<div class='gallery-icon landscape'>\n\t\t\t\t<a href='https:\/\/archive.sana.sy\/tr\/?attachment_id=281864'><img loading=\"lazy\" decoding=\"async\" width=\"300\" height=\"198\" src=\"https:\/\/archive.sana.sy\/tr\/wp-content\/uploads\/2023\/05\/555555555555555-300x198.jpg\" class=\"attachment-medium size-medium\" alt=\"\" srcset=\"https:\/\/archive.sana.sy\/tr\/wp-content\/uploads\/2023\/05\/555555555555555-300x198.jpg 300w, https:\/\/archive.sana.sy\/tr\/wp-content\/uploads\/2023\/05\/555555555555555-310x205.jpg 310w, https:\/\/archive.sana.sy\/tr\/wp-content\/uploads\/2023\/05\/555555555555555.jpg 660w\" sizes=\"auto, (max-width: 300px) 100vw, 300px\" \/><\/a>\n\t\t\t<\/div><\/figure><figure class='gallery-item'>\n\t\t\t<div class='gallery-icon landscape'>\n\t\t\t\t<a href='https:\/\/archive.sana.sy\/tr\/?attachment_id=281865'><img loading=\"lazy\" decoding=\"async\" width=\"300\" height=\"200\" src=\"https:\/\/archive.sana.sy\/tr\/wp-content\/uploads\/2023\/05\/4444444444444444-300x200.jpg\" class=\"attachment-medium size-medium\" alt=\"\" srcset=\"https:\/\/archive.sana.sy\/tr\/wp-content\/uploads\/2023\/05\/4444444444444444-300x200.jpg 300w, https:\/\/archive.sana.sy\/tr\/wp-content\/uploads\/2023\/05\/4444444444444444.jpg 660w\" sizes=\"auto, (max-width: 300px) 100vw, 300px\" \/><\/a>\n\t\t\t<\/div><\/figure><figure class='gallery-item'>\n\t\t\t<div class='gallery-icon landscape'>\n\t\t\t\t<a href='https:\/\/archive.sana.sy\/tr\/?attachment_id=281866'><img loading=\"lazy\" decoding=\"async\" width=\"300\" height=\"193\" src=\"https:\/\/archive.sana.sy\/tr\/wp-content\/uploads\/2023\/05\/33333333333333-300x193.jpg\" class=\"attachment-medium size-medium\" alt=\"\" srcset=\"https:\/\/archive.sana.sy\/tr\/wp-content\/uploads\/2023\/05\/33333333333333-300x193.jpg 300w, https:\/\/archive.sana.sy\/tr\/wp-content\/uploads\/2023\/05\/33333333333333.jpg 660w\" sizes=\"auto, (max-width: 300px) 100vw, 300px\" \/><\/a>\n\t\t\t<\/div><\/figure><figure class='gallery-item'>\n\t\t\t<div class='gallery-icon landscape'>\n\t\t\t\t<a href='https:\/\/archive.sana.sy\/tr\/?attachment_id=281867'><img loading=\"lazy\" decoding=\"async\" width=\"300\" height=\"200\" src=\"https:\/\/archive.sana.sy\/tr\/wp-content\/uploads\/2023\/05\/222222222222-4-300x200.jpg\" class=\"attachment-medium size-medium\" alt=\"\" srcset=\"https:\/\/archive.sana.sy\/tr\/wp-content\/uploads\/2023\/05\/222222222222-4-300x200.jpg 300w, https:\/\/archive.sana.sy\/tr\/wp-content\/uploads\/2023\/05\/222222222222-4.jpg 660w\" sizes=\"auto, (max-width: 300px) 100vw, 300px\" \/><\/a>\n\t\t\t<\/div><\/figure>\n\t\t<\/div>\n\n<p>R.M\/N.A<\/p>\n<p><a href=\"https:\/\/t.me\/SuriyeArapHaberAjansI\">Telegram Kanal\u0131m\u0131z\u00a0<\/a><\/p>\n<p><a href=\"https:\/\/www.facebook.com\/SANAHaberAjansi\/\">Facebook Sayfam\u0131z<\/a><\/p>\n<p><a href=\"https:\/\/twitter.com\/arap_ajans\">Twitter Hesab\u0131m\u0131z<\/a><\/p>\n","protected":false},"excerpt":{"rendered":"<p>\u015eAM &#8211; Bug\u00fcn, iki \u00fclke aras\u0131nda yakla\u015f\u0131k 12 y\u0131ld\u0131r ask\u0131ya al\u0131nan hava trafi\u011finin geri d\u00f6n\u00fc\u015f\u00fc m\u00fcnasebetiyle, Karakas Havaliman\u0131&#8217;ndan Venezuela&#8217;dan Suriye&#8217;ye ilk direkt u\u00e7ak \u015eam Uluslararas\u0131 Havaliman\u0131&#8217;na ula\u015ft\u0131. SANA muhabiri, u\u00e7akta Venez\u00fcela Ula\u015ft\u0131rma Bakan\u0131, Venez\u00fcela D\u0131\u015fi\u015fleri Bakan Yard\u0131mc\u0131s\u0131 ve \u00e7ok say\u0131da Venezuelal\u0131 yetkili, medya \u00e7al\u0131\u015fan\u0131, turist ve i\u015f adam\u0131n\u0131n da bulundu\u011fu 102 yolcu oldu\u011funu bildirdi. Ula\u015ft\u0131rma &hellip;<\/p>\n","protected":false},"author":39,"featured_media":281824,"comment_status":"closed","ping_status":"closed","sticky":false,"template":"","format":"standard","meta":{"footnotes":""},"categories":[479,17988,478],"tags":[],"class_list":["post-281823","post","type-post","status-publish","format-standard","has-post-thumbnail","","category-haberler-yerel","category-son-haberler","category-yerel"],"_links":{"self":[{"href":"https:\/\/archive.sana.sy\/tr\/index.php?rest_route=\/wp\/v2\/posts\/281823","targetHints":{"allow":["GET"]}}],"collection":[{"href":"https:\/\/archive.sana.sy\/tr\/index.php?rest_route=\/wp\/v2\/posts"}],"about":[{"href":"https:\/\/archive.sana.sy\/tr\/index.php?rest_route=\/wp\/v2\/types\/post"}],"author":[{"embeddable":true,"href":"https:\/\/archive.sana.sy\/tr\/index.php?rest_route=\/wp\/v2\/users\/39"}],"replies":[{"embeddable":true,"href":"https:\/\/archive.sana.sy\/tr\/index.php?rest_route=%2Fwp%2Fv2%2Fcomments&post=281823"}],"version-history":[{"count":0,"href":"https:\/\/archive.sana.sy\/tr\/index.php?rest_route=\/wp\/v2\/posts\/281823\/revisions"}],"wp:featuredmedia":[{"embeddable":true,"href":"https:\/\/archive.sana.sy\/tr\/index.php?rest_route=\/wp\/v2\/media\/281824"}],"wp:attachment":[{"href":"https:\/\/archive.sana.sy\/tr\/index.php?rest_route=%2Fwp%2Fv2%2Fmedia&parent=281823"}],"wp:term":[{"taxonomy":"category","embeddable":true,"href":"https:\/\/archive.sana.sy\/tr\/index.php?rest_route=%2Fwp%2Fv2%2Fcategories&post=281823"},{"taxonomy":"post_tag","embeddable":true,"href":"https:\/\/archive.sana.sy\/tr\/index.php?rest_route=%2Fwp%2Fv2%2Ftags&post=281823"}],"curies":[{"name":"wp","href":"https:\/\/api.w.org\/{rel}","templated":true}]}}