{"id":281841,"date":"2023-05-31T14:01:49","date_gmt":"2023-05-31T11:01:49","guid":{"rendered":"http:\/\/sana.sy\/tr\/?p=281841"},"modified":"2023-06-01T10:33:22","modified_gmt":"2023-06-01T07:33:22","slug":"lavrov-washington-diger-ulkelerin-icislerine-karismayi-birakmali","status":"publish","type":"post","link":"https:\/\/archive.sana.sy\/tr\/?p=281841","title":{"rendered":"Lavrov: Washington Di\u011fer \u00dclkelerin \u0130\u00e7i\u015flerine Kar\u0131\u015fmay\u0131 B\u0131rakmal\u0131"},"content":{"rendered":"<p><strong>MOSKOVA<\/strong> &#8211; Rusya D\u0131\u015fi\u015fleri Bakan\u0131 Sergey Lavrov, ABD&#8217;yi s\u0131n\u0131rlar\u0131na ba\u011fl\u0131 kalmaya ve di\u011fer \u00fclkelerin i\u015flerine kar\u0131\u015fmamaya \u00e7a\u011f\u0131rd\u0131.<\/p>\n<p>Lavrov bug\u00fcn Mozambik&#8217;te d\u00fczenledi\u011fi bas\u0131n toplant\u0131s\u0131nda ABD&#8217;nin G\u00fcney Afrika b\u00fcy\u00fckel\u00e7isinin a\u00e7\u0131klamalar\u0131n\u0131 ve y\u00f6netiminin G\u00fcney Afrika&#8217;n\u0131n Rusya&#8217;ya silah tedarik etti\u011fine ili\u015fkin iddialar\u0131n\u0131 ele\u015ftirerek, &#8220;Amerikan b\u00fcy\u00fckel\u00e7isinden veya yurtd\u0131\u015f\u0131ndaki herhangi bir b\u00fcy\u00fckel\u00e7iden okyanusun \u00f6tesinden veya denizin \u00f6tesinden bir \u015fey \u00e7\u0131karsa, genellikle s\u0131n\u0131rlar\u0131n\u0131 bilmesi ve Moskova ile Pretoria aras\u0131ndaki ili\u015fkilere kar\u0131\u015fmamas\u0131 gerekir&#8221; dedi.<\/p>\n<p>Lavrov, Rusya&#8217;n\u0131n b\u00fcy\u00fck miktarlarda modern, Ukrayna&#8217;da kullan\u0131lanlar dahil uzun menzilli ve g\u00fcvenli olmayan silahlar pompalayarak Bat\u0131&#8217;n\u0131n yapt\u0131\u011f\u0131 gibi silah tedariki konusunda uluslararas\u0131 standartlar\u0131 asla ihlal etmedi\u011fini yineledi.<\/p>\n<p>R.M<\/p>\n<p><a href=\"https:\/\/t.me\/SuriyeArapHaberAjansI\">Telegram Kanal\u0131m\u0131z\u00a0<\/a><\/p>\n<p><a href=\"https:\/\/www.facebook.com\/SANAHaberAjansi\/\">Facebook Sayfam\u0131z<\/a><\/p>\n<p><a href=\"https:\/\/twitter.com\/arap_ajans\">Twitter Hesab\u0131m\u0131z<\/a><\/p>\n","protected":false},"excerpt":{"rendered":"<p>MOSKOVA &#8211; Rusya D\u0131\u015fi\u015fleri Bakan\u0131 Sergey Lavrov, ABD&#8217;yi s\u0131n\u0131rlar\u0131na ba\u011fl\u0131 kalmaya ve di\u011fer \u00fclkelerin i\u015flerine kar\u0131\u015fmamaya \u00e7a\u011f\u0131rd\u0131. Lavrov bug\u00fcn Mozambik&#8217;te d\u00fczenledi\u011fi bas\u0131n toplant\u0131s\u0131nda ABD&#8217;nin G\u00fcney Afrika b\u00fcy\u00fckel\u00e7isinin a\u00e7\u0131klamalar\u0131n\u0131 ve y\u00f6netiminin G\u00fcney Afrika&#8217;n\u0131n Rusya&#8217;ya silah tedarik etti\u011fine ili\u015fkin iddialar\u0131n\u0131 ele\u015ftirerek, &#8220;Amerikan b\u00fcy\u00fckel\u00e7isinden veya yurtd\u0131\u015f\u0131ndaki herhangi bir b\u00fcy\u00fckel\u00e7iden okyanusun \u00f6tesinden veya denizin \u00f6tesinden bir \u015fey \u00e7\u0131karsa, genellikle &hellip;<\/p>\n","protected":false},"author":41,"featured_media":281843,"comment_status":"closed","ping_status":"closed","sticky":false,"template":"","format":"standard","meta":{"footnotes":""},"categories":[458,459,17988],"tags":[],"class_list":["post-281841","post","type-post","status-publish","format-standard","has-post-thumbnail","","category-dunya1","category-haberler-arap-uluslararasi-politika","category-son-haberler"],"_links":{"self":[{"href":"https:\/\/archive.sana.sy\/tr\/index.php?rest_route=\/wp\/v2\/posts\/281841","targetHints":{"allow":["GET"]}}],"collection":[{"href":"https:\/\/archive.sana.sy\/tr\/index.php?rest_route=\/wp\/v2\/posts"}],"about":[{"href":"https:\/\/archive.sana.sy\/tr\/index.php?rest_route=\/wp\/v2\/types\/post"}],"author":[{"embeddable":true,"href":"https:\/\/archive.sana.sy\/tr\/index.php?rest_route=\/wp\/v2\/users\/41"}],"replies":[{"embeddable":true,"href":"https:\/\/archive.sana.sy\/tr\/index.php?rest_route=%2Fwp%2Fv2%2Fcomments&post=281841"}],"version-history":[{"count":0,"href":"https:\/\/archive.sana.sy\/tr\/index.php?rest_route=\/wp\/v2\/posts\/281841\/revisions"}],"wp:featuredmedia":[{"embeddable":true,"href":"https:\/\/archive.sana.sy\/tr\/index.php?rest_route=\/wp\/v2\/media\/281843"}],"wp:attachment":[{"href":"https:\/\/archive.sana.sy\/tr\/index.php?rest_route=%2Fwp%2Fv2%2Fmedia&parent=281841"}],"wp:term":[{"taxonomy":"category","embeddable":true,"href":"https:\/\/archive.sana.sy\/tr\/index.php?rest_route=%2Fwp%2Fv2%2Fcategories&post=281841"},{"taxonomy":"post_tag","embeddable":true,"href":"https:\/\/archive.sana.sy\/tr\/index.php?rest_route=%2Fwp%2Fv2%2Ftags&post=281841"}],"curies":[{"name":"wp","href":"https:\/\/api.w.org\/{rel}","templated":true}]}}