{"id":281845,"date":"2023-05-31T13:44:10","date_gmt":"2023-05-31T10:44:10","guid":{"rendered":"http:\/\/sana.sy\/tr\/?p=281845"},"modified":"2023-06-01T10:33:18","modified_gmt":"2023-06-01T07:33:18","slug":"rsb-ukrayna-donanmasinin-odessadaki-son-gemisi-imha-edildi-500den-fazla-asker-olduruldu","status":"publish","type":"post","link":"https:\/\/archive.sana.sy\/tr\/?p=281845","title":{"rendered":"RSB: Ukrayna Donanmas\u0131n\u0131n Odessa&#8217;daki Son Gemisi \u0130mha edildi, 500&#8217;den Fazla Asker \u00d6ld\u00fcr\u00fcld\u00fc"},"content":{"rendered":"<p><strong>MOSKOVA<\/strong> &#8211; Rusya Savunma Bakanl\u0131\u011f\u0131, g\u00fc\u00e7lerinin d\u00fcnk\u00fc muharebe operasyonlar\u0131nda Ukrayna Donanmas\u0131&#8217;na ait son sava\u015f gemisi &#8220;Yuri Oliverenko&#8221;yu Odessa liman\u0131nda imha etti\u011fini ve 500&#8217;den fazla Ukrayna askerini <img loading=\"lazy\" decoding=\"async\" class=\"size-full wp-image-281847 alignright\" src=\"http:\/\/sana.sy\/tr\/wp-content\/uploads\/2023\/05\/1-39.jpg\" alt=\"\" width=\"300\" height=\"169\" \/>\u00f6ld\u00fcrd\u00fc\u011f\u00fcn\u00fc a\u00e7\u0131klad\u0131.<\/p>\n<p>\u00d6zel askeri operasyonun y\u00fcr\u00fct\u00fclmesine ili\u015fkin Savunma Bakanl\u0131\u011f\u0131&#8217;n\u0131n g\u00fcnl\u00fck a\u00e7\u0131klamas\u0131nda \u015funlar belirtildi: Rus Hava Kuvvetleri, 29 May\u0131s&#8217;ta Odessa liman\u0131nda Ukrayna Donanmas\u0131&#8217;na ait son sava\u015f gemisi Yuriy Oliverenko&#8217;yu y\u00fcksek hassasiyetli bir silahla imha etti.<\/p>\n<p>A\u00e7\u0131klamada, \u00e7e\u015fitli eksenlerdeki husumetlerin sonucuna da \u015fu \u015fekilde de\u011finildi:<\/p>\n<p><span style=\"color: #0000ff;\"><strong>Kobyansk ekseninde:<\/strong><\/span><\/p>\n<p><img loading=\"lazy\" decoding=\"async\" class=\"size-full wp-image-281848 alignright\" src=\"http:\/\/sana.sy\/tr\/wp-content\/uploads\/2023\/05\/13213-copy-300x169-1.jpg\" alt=\"\" width=\"300\" height=\"169\" \/>3 Ukraynal\u0131 sabotaj ve ke\u015fif grubunun Harkov ve Lugansk b\u00f6lgesindeki eylemleri p\u00fcsk\u00fcrt\u00fcld\u00fc, yakla\u015f\u0131k 70 Ukrayna askeri etkisiz hale getirildi, Ukrayna kuvvetlerine ba\u011fl\u0131 60&#8217;\u0131nc\u0131 Mekanize Tugay&#8217;\u0131n Harkov b\u00f6lgesindeki m\u00fchimmat depolar\u0131 imha edildi.<\/p>\n<p><span style=\"color: #0000ff;\"><strong>Krasny Limansk merkezinde:<\/strong><\/span><\/p>\n<p>3 D tipi top ve bir Grad Millers sava\u015f arac\u0131n\u0131n imha edilmesine ek olarak 50&#8217;den fazla Ukraynal\u0131 asker \u00f6ld\u00fcr\u00fcld\u00fc.<\/p>\n<p><span style=\"color: #0000ff;\"><strong>Donetsk ekseninde:<\/strong><\/span><\/p>\n<p>Ukrayna kuvvetlerinin 110. mekanize tugay\u0131n\u0131n f\u00fcze ve top\u00e7u cephaneli\u011fi imha edildi, toplamda 200&#8217;den fazla Ukrayna askeri \u00f6ld\u00fcr\u00fcld\u00fc, bu eksende ob\u00fcsler ve iki Grad sava\u015f arac\u0131 imha edildi.<\/p>\n<p><span style=\"color: #0000ff;\"><strong>G\u00fcney Donetsk ve Zaporozhye&#8217;nin eksenlerinde:<\/strong><\/span><\/p>\n<p><img loading=\"lazy\" decoding=\"async\" class=\"size-medium wp-image-281849 alignright\" src=\"http:\/\/sana.sy\/tr\/wp-content\/uploads\/2023\/05\/16513-copy-300x169.jpg\" alt=\"\" width=\"300\" height=\"169\" srcset=\"https:\/\/archive.sana.sy\/tr\/wp-content\/uploads\/2023\/05\/16513-copy-300x169.jpg 300w, https:\/\/archive.sana.sy\/tr\/wp-content\/uploads\/2023\/05\/16513-copy.jpg 660w\" sizes=\"auto, (max-width: 300px) 100vw, 300px\" \/>Zaporozhye b\u00f6lgesinde yakla\u015f\u0131k 185 Ukrayna askeri \u00f6ld\u00fcr\u00fcld\u00fc ve Ukrayna kuvvetlerinin 65. Mekanize Tugay\u0131&#8217;na ait m\u00fchimmat depolar\u0131 imha edildi, Herson ekseninde ise 30 civar\u0131nda Ukrayna askeri ortadan kald\u0131r\u0131ld\u0131.<\/p>\n<p><strong><span style=\"color: #0000ff;\">a\u00e7\u0131klamaya g\u00f6re ayr\u0131ca,<\/span> <\/strong><\/p>\n<p>&#8211; Ukrayna kuvvetlerinin 33. Mekanize Tugay\u0131&#8217;n\u0131n komuta merkezi, Zaporozhye b\u00f6lgesindeki Trudovoye k\u00f6y\u00fc yak\u0131nlar\u0131nda hedef al\u0131nd\u0131.<\/p>\n<p><img loading=\"lazy\" decoding=\"async\" class=\"size-medium wp-image-281850 alignright\" src=\"http:\/\/sana.sy\/tr\/wp-content\/uploads\/2023\/05\/3132-copy-300x169.jpg\" alt=\"\" width=\"300\" height=\"169\" srcset=\"https:\/\/archive.sana.sy\/tr\/wp-content\/uploads\/2023\/05\/3132-copy-300x169.jpg 300w, https:\/\/archive.sana.sy\/tr\/wp-content\/uploads\/2023\/05\/3132-copy.jpg 660w\" sizes=\"auto, (max-width: 300px) 100vw, 300px\" \/>&#8211; \u00a0Donetsk&#8217;teki Avdiivka yak\u0131nlar\u0131ndaki Ukrayna kuvvetlerinin sald\u0131r\u0131 taburu &#8220;Skala&#8221; komuta ve kontrol merkezi imha edildi,<\/p>\n<p>&#8211; Rus hava savunmas\u0131, 12 HIMARS \u00e7oklu f\u00fcze rampas\u0131n\u0131 ve uzun menzilli bir Storm Shadow seyir f\u00fczesini ele ge\u00e7irdi.<\/p>\n<p>&#8211; \u00a0Luhansk ve Donetsk&#8217;te 11 Ukrayna u\u00e7a\u011f\u0131 imha edildi.<\/p>\n<p>Rusya Savunma Bakanl\u0131\u011f\u0131 ayr\u0131ca 5. motorlu t\u00fcfek tugay\u0131 ve \u00c7e\u00e7en \u00f6zel kuvvetlerinin bir m\u00fcfrezesinin Mariinka b\u00f6lgesinde ba\u015far\u0131l\u0131 sald\u0131r\u0131 operasyonlar\u0131 ger\u00e7ekle\u015ftirdi\u011fini bildirdi.<\/p>\n<p>R.M<\/p>\n<p><a href=\"https:\/\/t.me\/SuriyeArapHaberAjansI\">Telegram Kanal\u0131m\u0131z\u00a0<\/a><\/p>\n<p><a href=\"https:\/\/www.facebook.com\/SANAHaberAjansi\/\">Facebook Sayfam\u0131z<\/a><\/p>\n<p><a href=\"https:\/\/twitter.com\/arap_ajans\">Twitter Hesab\u0131m\u0131z<\/a><\/p>\n","protected":false},"excerpt":{"rendered":"<p>MOSKOVA &#8211; Rusya Savunma Bakanl\u0131\u011f\u0131, g\u00fc\u00e7lerinin d\u00fcnk\u00fc muharebe operasyonlar\u0131nda Ukrayna Donanmas\u0131&#8217;na ait son sava\u015f gemisi &#8220;Yuri Oliverenko&#8221;yu Odessa liman\u0131nda imha etti\u011fini ve 500&#8217;den fazla Ukrayna askerini \u00f6ld\u00fcrd\u00fc\u011f\u00fcn\u00fc a\u00e7\u0131klad\u0131. \u00d6zel askeri operasyonun y\u00fcr\u00fct\u00fclmesine ili\u015fkin Savunma Bakanl\u0131\u011f\u0131&#8217;n\u0131n g\u00fcnl\u00fck a\u00e7\u0131klamas\u0131nda \u015funlar belirtildi: Rus Hava Kuvvetleri, 29 May\u0131s&#8217;ta Odessa liman\u0131nda Ukrayna Donanmas\u0131&#8217;na ait son sava\u015f gemisi Yuriy Oliverenko&#8217;yu y\u00fcksek &hellip;<\/p>\n","protected":false},"author":41,"featured_media":281846,"comment_status":"closed","ping_status":"closed","sticky":false,"template":"","format":"standard","meta":{"footnotes":""},"categories":[458,459,17988],"tags":[],"class_list":["post-281845","post","type-post","status-publish","format-standard","has-post-thumbnail","","category-dunya1","category-haberler-arap-uluslararasi-politika","category-son-haberler"],"_links":{"self":[{"href":"https:\/\/archive.sana.sy\/tr\/index.php?rest_route=\/wp\/v2\/posts\/281845","targetHints":{"allow":["GET"]}}],"collection":[{"href":"https:\/\/archive.sana.sy\/tr\/index.php?rest_route=\/wp\/v2\/posts"}],"about":[{"href":"https:\/\/archive.sana.sy\/tr\/index.php?rest_route=\/wp\/v2\/types\/post"}],"author":[{"embeddable":true,"href":"https:\/\/archive.sana.sy\/tr\/index.php?rest_route=\/wp\/v2\/users\/41"}],"replies":[{"embeddable":true,"href":"https:\/\/archive.sana.sy\/tr\/index.php?rest_route=%2Fwp%2Fv2%2Fcomments&post=281845"}],"version-history":[{"count":0,"href":"https:\/\/archive.sana.sy\/tr\/index.php?rest_route=\/wp\/v2\/posts\/281845\/revisions"}],"wp:featuredmedia":[{"embeddable":true,"href":"https:\/\/archive.sana.sy\/tr\/index.php?rest_route=\/wp\/v2\/media\/281846"}],"wp:attachment":[{"href":"https:\/\/archive.sana.sy\/tr\/index.php?rest_route=%2Fwp%2Fv2%2Fmedia&parent=281845"}],"wp:term":[{"taxonomy":"category","embeddable":true,"href":"https:\/\/archive.sana.sy\/tr\/index.php?rest_route=%2Fwp%2Fv2%2Fcategories&post=281845"},{"taxonomy":"post_tag","embeddable":true,"href":"https:\/\/archive.sana.sy\/tr\/index.php?rest_route=%2Fwp%2Fv2%2Ftags&post=281845"}],"curies":[{"name":"wp","href":"https:\/\/api.w.org\/{rel}","templated":true}]}}