{"id":281932,"date":"2023-06-02T22:33:59","date_gmt":"2023-06-02T19:33:59","guid":{"rendered":"http:\/\/sana.sy\/tr\/?p=281932"},"modified":"2023-06-04T08:04:43","modified_gmt":"2023-06-04T05:04:43","slug":"sabbag-filistinli-multecilerin-haklarinin-korunmasi-tartisilamaz-bir-konu","status":"publish","type":"post","link":"https:\/\/archive.sana.sy\/tr\/?p=281932","title":{"rendered":"Sabba\u011f: Filistinli M\u00fcltecilerin Haklar\u0131n\u0131n Korunmas\u0131 Tart\u0131\u015f\u0131lamaz Bir Konu"},"content":{"rendered":"<p>NEW YORK \u2013 Suriye&#8217;nin Birle\u015fmi\u015f Milletler Daimi Temsilcisi Bessam Sabba\u011f, Filistinli m\u00fcltecilerin haklar\u0131n\u0131n korunmas\u0131n\u0131n pazarl\u0131k konusu olmad\u0131\u011f\u0131n\u0131 belirtirken, Uluslararas\u0131 hukuka ve ilgili Birle\u015fmi\u015f Milletler kararlar\u0131na uygun olarak, i\u015fgal alt\u0131ndaki topraklar\u0131n\u0131 ve t\u00fcm me\u015fru haklar\u0131n\u0131 geri alma m\u00fccadelesinde Filistin halk\u0131na Suriye&#8217;nin sa\u011flam ve destekleyici konumunu vurgulad\u0131.<\/p>\n<p>Sabba\u011f, bug\u00fcn UNRWA g\u00f6n\u00fcll\u00fc konferans\u0131ndan \u00f6nce yapt\u0131\u011f\u0131 a\u00e7\u0131klamada, &#8220;Suriye Arap Cumhuriyeti ile ilgili olarak, Filistin meselesi merkezi ulusal mesele olmaya devam ediyor ve i\u015fgal alt\u0131ndaki topraklar\u0131n\u0131 ve t\u00fcm me\u015fru haklar\u0131n\u0131 geri alma m\u00fccadelesinde karde\u015f Filistin halk\u0131n\u0131n yan\u0131nda yer almak i\u00e7in hi\u00e7bir \u00e7abadan ka\u00e7\u0131nmad\u0131 ve ka\u00e7\u0131nmayacakt\u0131r\u201d dedi.<\/p>\n<p>Sabba\u011f, Suriye&#8217;nin ge\u00e7ti\u011fimiz on y\u0131llar boyunca kendisine s\u0131\u011f\u0131nan Filistin halk\u0131na nezih bir ya\u015fam\u0131n t\u00fcm gereklerini sa\u011flad\u0131\u011f\u0131n\u0131 ve i\u00e7inde bulundu\u011fu zorlu ekonomik ko\u015fullarda bile onlarla Suriye vatanda\u015flar\u0131 aras\u0131nda ayr\u0131m yapmad\u0131\u011f\u0131n\u0131 belirtti.<\/p>\n<p>Sabba\u011f, Birle\u015fmi\u015f Milletler Genel Kurulu taraf\u0131ndan UNRWA&#8217;ya verilen yetkiyi koruma sorumlulu\u011funun y\u00fcce ve kolektif bir sorumluluk oldu\u011funu ve haklar\u0131n\u0131 koruman\u0131n m\u00fczakere edilemez bir konu oldu\u011funa i\u015faret etti.<\/p>\n<p><a href=\"https:\/\/t.me\/SuriyeArapHaberAjansI\">Telegram Kanal\u0131m\u0131z\u00a0<\/a><\/p>\n<p><a href=\"https:\/\/www.facebook.com\/SANAHaberAjansi\/\">Facebook Sayfam\u0131z<\/a><\/p>\n<p><a href=\"https:\/\/twitter.com\/arap_ajans\">Twitter Hesab\u0131m\u0131z<\/a><\/p>\n","protected":false},"excerpt":{"rendered":"<p>NEW YORK \u2013 Suriye&#8217;nin Birle\u015fmi\u015f Milletler Daimi Temsilcisi Bessam Sabba\u011f, Filistinli m\u00fcltecilerin haklar\u0131n\u0131n korunmas\u0131n\u0131n pazarl\u0131k konusu olmad\u0131\u011f\u0131n\u0131 belirtirken, Uluslararas\u0131 hukuka ve ilgili Birle\u015fmi\u015f Milletler kararlar\u0131na uygun olarak, i\u015fgal alt\u0131ndaki topraklar\u0131n\u0131 ve t\u00fcm me\u015fru haklar\u0131n\u0131 geri alma m\u00fccadelesinde Filistin halk\u0131na Suriye&#8217;nin sa\u011flam ve destekleyici konumunu vurgulad\u0131. Sabba\u011f, bug\u00fcn UNRWA g\u00f6n\u00fcll\u00fc konferans\u0131ndan \u00f6nce yapt\u0131\u011f\u0131 a\u00e7\u0131klamada, &#8220;Suriye Arap &hellip;<\/p>\n","protected":false},"author":36,"featured_media":281933,"comment_status":"closed","ping_status":"closed","sticky":false,"template":"","format":"standard","meta":{"footnotes":""},"categories":[458,459,17988],"tags":[],"class_list":["post-281932","post","type-post","status-publish","format-standard","has-post-thumbnail","","category-dunya1","category-haberler-arap-uluslararasi-politika","category-son-haberler"],"_links":{"self":[{"href":"https:\/\/archive.sana.sy\/tr\/index.php?rest_route=\/wp\/v2\/posts\/281932","targetHints":{"allow":["GET"]}}],"collection":[{"href":"https:\/\/archive.sana.sy\/tr\/index.php?rest_route=\/wp\/v2\/posts"}],"about":[{"href":"https:\/\/archive.sana.sy\/tr\/index.php?rest_route=\/wp\/v2\/types\/post"}],"author":[{"embeddable":true,"href":"https:\/\/archive.sana.sy\/tr\/index.php?rest_route=\/wp\/v2\/users\/36"}],"replies":[{"embeddable":true,"href":"https:\/\/archive.sana.sy\/tr\/index.php?rest_route=%2Fwp%2Fv2%2Fcomments&post=281932"}],"version-history":[{"count":0,"href":"https:\/\/archive.sana.sy\/tr\/index.php?rest_route=\/wp\/v2\/posts\/281932\/revisions"}],"wp:featuredmedia":[{"embeddable":true,"href":"https:\/\/archive.sana.sy\/tr\/index.php?rest_route=\/wp\/v2\/media\/281933"}],"wp:attachment":[{"href":"https:\/\/archive.sana.sy\/tr\/index.php?rest_route=%2Fwp%2Fv2%2Fmedia&parent=281932"}],"wp:term":[{"taxonomy":"category","embeddable":true,"href":"https:\/\/archive.sana.sy\/tr\/index.php?rest_route=%2Fwp%2Fv2%2Fcategories&post=281932"},{"taxonomy":"post_tag","embeddable":true,"href":"https:\/\/archive.sana.sy\/tr\/index.php?rest_route=%2Fwp%2Fv2%2Ftags&post=281932"}],"curies":[{"name":"wp","href":"https:\/\/api.w.org\/{rel}","templated":true}]}}