{"id":281935,"date":"2023-06-03T10:47:47","date_gmt":"2023-06-03T07:47:47","guid":{"rendered":"http:\/\/sana.sy\/tr\/?p=281935"},"modified":"2023-06-04T12:33:29","modified_gmt":"2023-06-04T09:33:29","slug":"derada-huriyyat-sarayi-merkezinde-cozum-sureci-basladi","status":"publish","type":"post","link":"https:\/\/archive.sana.sy\/tr\/?p=281935","title":{"rendered":"Dera&#8217;da Huriyyat Saray\u0131 Merkezi\u2019nde \u00c7\u00f6z\u00fcm S\u00fcreci Ba\u015flat\u0131ld\u0131"},"content":{"rendered":"<p><strong>DERA<\/strong> &#8211; Dera vilayetindeki yetkili makamlar, bug\u00fcn Dera kent merkezindeki Kas\u0131r El Havrat merkezinde arananlar ve askerlikten ka\u00e7anlar\u0131n durumlar\u0131n\u0131 d\u00fczenlemek i\u00e7in bir merkez yeniden a\u00e7t\u0131.<\/p>\n<p>Merkezin a\u00e7\u0131l\u0131\u015f\u0131, devletin \u00f6nerdi\u011fi \u00e7\u00f6z\u00fcm s\u00fcrecine kat\u0131lmak isteyenler i\u00e7in bir f\u0131rsat olarak bu ay\u0131n sekizine kadar alt\u0131 g\u00fcnl\u00fck bir s\u00fcre i\u00e7in geliyor.<\/p>\n<p>\u0130nhil belediye ba\u015fkan\u0131 Cemal El Hatib, SANA muhabirine yapt\u0131\u011f\u0131 a\u00e7\u0131klamalarda, yerle\u015fimin gen\u00e7lerin normal hayatlar\u0131na d\u00f6nmeleri i\u00e7in bir f\u0131rsat oldu\u011funu kaydederek, \u00a0\u00e7\u00f6z\u00fcm s\u00fcrecinin ya\u015fama ufuk a\u00e7aca\u011f\u0131n\u0131 ve \u00a0in\u015fa ve imar s\u00fcrecini ba\u015flataca\u011f\u0131n\u0131 vurgulad\u0131.<\/p>\n<p>Tasil \u015fehrinin ileri gelenlerinden Ey\u00fcb \u0130brahim, &#8220;Devletin \u00f6nerdi\u011fi \u00e7\u00f6z\u00fcm, t\u00fcm vilayet halk\u0131n\u0131n hayr\u0131na olup, yeniden istikrara kavu\u015fmas\u0131n\u0131n \u00f6n\u00fcn\u00fc a\u00e7maktad\u0131r&#8221; dedi.<\/p>\n<p>Aralar\u0131nda El Senameyin&#8217;den Muhammed Nas\u0131r Tarek El Kale\u015f ile Dera&#8217;dan Ammar Ayya\u015f&#8217;\u0131n da bulundu\u011fu \u00e7ok say\u0131da ki\u015fi, devletin yeniden ba\u015flatt\u0131\u011f\u0131 \u00e7\u00f6z\u00fcm s\u00fcrecinden duyduklar\u0131 memnuniyeti dile getirdi.<\/p>\n<p>M.Y\/R.M<\/p>\n<p><a href=\"https:\/\/t.me\/SuriyeArapHaberAjansI\">Telegram Kanal\u0131m\u0131z\u00a0<\/a><\/p>\n<p><a href=\"https:\/\/www.facebook.com\/SANAHaberAjansi\/\">Facebook Sayfam\u0131z<\/a><\/p>\n<p><a href=\"https:\/\/twitter.com\/arap_ajans\">Twitter Hesab\u0131m\u0131z<\/a><\/p>\n<div id='gallery-1' class='gallery galleryid-281935 gallery-columns-1 gallery-size-full'><figure class='gallery-item'>\n\t\t\t<div class='gallery-icon landscape'>\n\t\t\t\t<a href='https:\/\/archive.sana.sy\/tr\/wp-content\/uploads\/2023\/06\/5-3.jpg'><img loading=\"lazy\" decoding=\"async\" width=\"660\" height=\"440\" src=\"https:\/\/archive.sana.sy\/tr\/wp-content\/uploads\/2023\/06\/5-3.jpg\" class=\"attachment-full size-full\" alt=\"\" srcset=\"https:\/\/archive.sana.sy\/tr\/wp-content\/uploads\/2023\/06\/5-3.jpg 660w, https:\/\/archive.sana.sy\/tr\/wp-content\/uploads\/2023\/06\/5-3-300x200.jpg 300w\" sizes=\"auto, (max-width: 660px) 100vw, 660px\" \/><\/a>\n\t\t\t<\/div><\/figure><figure class='gallery-item'>\n\t\t\t<div class='gallery-icon landscape'>\n\t\t\t\t<a href='https:\/\/archive.sana.sy\/tr\/wp-content\/uploads\/2023\/06\/7-3.jpg'><img loading=\"lazy\" decoding=\"async\" width=\"660\" height=\"440\" src=\"https:\/\/archive.sana.sy\/tr\/wp-content\/uploads\/2023\/06\/7-3.jpg\" class=\"attachment-full size-full\" alt=\"\" srcset=\"https:\/\/archive.sana.sy\/tr\/wp-content\/uploads\/2023\/06\/7-3.jpg 660w, https:\/\/archive.sana.sy\/tr\/wp-content\/uploads\/2023\/06\/7-3-300x200.jpg 300w\" sizes=\"auto, (max-width: 660px) 100vw, 660px\" \/><\/a>\n\t\t\t<\/div><\/figure>\n\t\t<\/div>\n\n","protected":false},"excerpt":{"rendered":"<p>DERA &#8211; Dera vilayetindeki yetkili makamlar, bug\u00fcn Dera kent merkezindeki Kas\u0131r El Havrat merkezinde arananlar ve askerlikten ka\u00e7anlar\u0131n durumlar\u0131n\u0131 d\u00fczenlemek i\u00e7in bir merkez yeniden a\u00e7t\u0131. Merkezin a\u00e7\u0131l\u0131\u015f\u0131, devletin \u00f6nerdi\u011fi \u00e7\u00f6z\u00fcm s\u00fcrecine kat\u0131lmak isteyenler i\u00e7in bir f\u0131rsat olarak bu ay\u0131n sekizine kadar alt\u0131 g\u00fcnl\u00fck bir s\u00fcre i\u00e7in geliyor. \u0130nhil belediye ba\u015fkan\u0131 Cemal El Hatib, SANA muhabirine &hellip;<\/p>\n","protected":false},"author":36,"featured_media":281945,"comment_status":"closed","ping_status":"closed","sticky":false,"template":"","format":"standard","meta":{"footnotes":""},"categories":[596,479,17988,478],"tags":[],"class_list":["post-281935","post","type-post","status-publish","format-standard","has-post-thumbnail","","category-fotografli-raporlar","category-haberler-yerel","category-son-haberler","category-yerel"],"_links":{"self":[{"href":"https:\/\/archive.sana.sy\/tr\/index.php?rest_route=\/wp\/v2\/posts\/281935","targetHints":{"allow":["GET"]}}],"collection":[{"href":"https:\/\/archive.sana.sy\/tr\/index.php?rest_route=\/wp\/v2\/posts"}],"about":[{"href":"https:\/\/archive.sana.sy\/tr\/index.php?rest_route=\/wp\/v2\/types\/post"}],"author":[{"embeddable":true,"href":"https:\/\/archive.sana.sy\/tr\/index.php?rest_route=\/wp\/v2\/users\/36"}],"replies":[{"embeddable":true,"href":"https:\/\/archive.sana.sy\/tr\/index.php?rest_route=%2Fwp%2Fv2%2Fcomments&post=281935"}],"version-history":[{"count":0,"href":"https:\/\/archive.sana.sy\/tr\/index.php?rest_route=\/wp\/v2\/posts\/281935\/revisions"}],"wp:featuredmedia":[{"embeddable":true,"href":"https:\/\/archive.sana.sy\/tr\/index.php?rest_route=\/wp\/v2\/media\/281945"}],"wp:attachment":[{"href":"https:\/\/archive.sana.sy\/tr\/index.php?rest_route=%2Fwp%2Fv2%2Fmedia&parent=281935"}],"wp:term":[{"taxonomy":"category","embeddable":true,"href":"https:\/\/archive.sana.sy\/tr\/index.php?rest_route=%2Fwp%2Fv2%2Fcategories&post=281935"},{"taxonomy":"post_tag","embeddable":true,"href":"https:\/\/archive.sana.sy\/tr\/index.php?rest_route=%2Fwp%2Fv2%2Ftags&post=281935"}],"curies":[{"name":"wp","href":"https:\/\/api.w.org\/{rel}","templated":true}]}}