{"id":281959,"date":"2023-06-03T16:30:22","date_gmt":"2023-06-03T13:30:22","guid":{"rendered":"http:\/\/sana.sy\/tr\/?p=281959"},"modified":"2023-06-04T08:05:00","modified_gmt":"2023-06-04T05:05:00","slug":"lavrov-ve-ibn-zayid-ikili-iliskiler-ile-bolgesel-ve-uluslararasi-gelismeleri-gorustu","status":"publish","type":"post","link":"https:\/\/archive.sana.sy\/tr\/?p=281959","title":{"rendered":"Lavrov Ve \u0130bn Zayid \u0130kili \u0130li\u015fkiler \u0130le B\u00f6lgesel Ve Uluslararas\u0131 Geli\u015fmeleri G\u00f6r\u00fc\u015ft\u00fc"},"content":{"rendered":"<p><strong>CAPE TOWN<\/strong>-Rusya D\u0131\u015fi\u015fleri Bakan\u0131 Sergey Lavrov, BAE D\u0131\u015fi\u015fleri Bakan\u0131 \u015eeyh Abdullah bin Zayid Al Nahyan ile BAE ile Rusya aras\u0131ndaki dostluk ve stratejik ortakl\u0131\u011f\u0131 ve bunlar\u0131 her alanda derinle\u015ftirmenin yollar\u0131n\u0131 g\u00f6r\u00fc\u015ft\u00fc.<\/p>\n<p>RT sitesine g\u00f6re, Lavrov ve \u0130bn Zayed, BRICS \u00fclkeleri d\u0131\u015fi\u015fleri bakanlar\u0131n\u0131n G\u00fcney Afrika&#8217;n\u0131n Cape Town kentinde d\u00fcn d\u00fczenledi\u011fi toplant\u0131n\u0131n oturum aralar\u0131nda yapt\u0131klar\u0131 g\u00f6r\u00fc\u015fmede, toplant\u0131 g\u00fcndemine ili\u015fkin bir dizi dosyay\u0131 inceleyerek, \u00a0B\u00f6lgesel ve uluslararas\u0131 alandaki geli\u015fmeleri ele ald\u0131lar ve g\u00f6r\u00fc\u015f al\u0131\u015fveri\u015finde bulundular.<\/p>\n<p>\u015eeyh Bin Zayid g\u00f6r\u00fc\u015fmede, \u2018\u2019BAE-Rusya ili\u015fkileri, sa\u011flam anlay\u0131\u015f, kar\u015f\u0131l\u0131kl\u0131 sayg\u0131 ve verimli ve yap\u0131c\u0131 i\u015fbirli\u011fi temellerine dayanmaktad\u0131r.\u2019\u2019 diyerek, \u00f6zellikle 2018&#8217;de Moskova ile Abu Dabi aras\u0131nda stratejik ortakl\u0131\u011f\u0131n imzalanmas\u0131n\u0131n ard\u0131ndan h\u0131zl\u0131 bir b\u00fcy\u00fcmeye tan\u0131k oldu\u011funa i\u015faret etti.<\/p>\n<p>Bin Zayid ayr\u0131ca, iki \u00fclkenin halklar\u0131n\u0131n yarar\u0131na olacak ve kar\u015f\u0131l\u0131kl\u0131 \u00e7\u0131karlar\u0131na ula\u015facak \u015fekilde bu ili\u015fkileri geli\u015ftirme ve t\u00fcm alanlarda ortak i\u015fbirli\u011fi umutlar\u0131n\u0131 ilerletme konusundaki kararl\u0131l\u0131\u011f\u0131n\u0131 vurgularken, Abu Dabi&#8217;nin BRICS \u00fclkeleriyle i\u015fbirli\u011fini geli\u015ftirme ve t\u00fcm toplumlarda kalk\u0131nma sa\u011flamay\u0131 ve uluslararas\u0131 bar\u0131\u015f ve g\u00fcvenli\u011fi korumay\u0131 ama\u00e7layan \u00e7ok tarafl\u0131 eylemi destekleme arzusunu ifade etti.<\/p>\n<p>R.M<\/p>\n<p><a href=\"https:\/\/t.me\/SuriyeArapHaberAjansI\">Telegram Kanal\u0131m\u0131z\u00a0<\/a><\/p>\n<p><a href=\"https:\/\/www.facebook.com\/SANAHaberAjansi\/\">Facebook Sayfam\u0131z<\/a><\/p>\n<p><a href=\"https:\/\/twitter.com\/arap_ajans\">Twitter Hesab\u0131m\u0131z<\/a><\/p>\n","protected":false},"excerpt":{"rendered":"<p>CAPE TOWN-Rusya D\u0131\u015fi\u015fleri Bakan\u0131 Sergey Lavrov, BAE D\u0131\u015fi\u015fleri Bakan\u0131 \u015eeyh Abdullah bin Zayid Al Nahyan ile BAE ile Rusya aras\u0131ndaki dostluk ve stratejik ortakl\u0131\u011f\u0131 ve bunlar\u0131 her alanda derinle\u015ftirmenin yollar\u0131n\u0131 g\u00f6r\u00fc\u015ft\u00fc. RT sitesine g\u00f6re, Lavrov ve \u0130bn Zayed, BRICS \u00fclkeleri d\u0131\u015fi\u015fleri bakanlar\u0131n\u0131n G\u00fcney Afrika&#8217;n\u0131n Cape Town kentinde d\u00fcn d\u00fczenledi\u011fi toplant\u0131n\u0131n oturum aralar\u0131nda yapt\u0131klar\u0131 g\u00f6r\u00fc\u015fmede, toplant\u0131 &hellip;<\/p>\n","protected":false},"author":41,"featured_media":281960,"comment_status":"closed","ping_status":"closed","sticky":false,"template":"","format":"standard","meta":{"footnotes":""},"categories":[458,459,17988],"tags":[],"class_list":["post-281959","post","type-post","status-publish","format-standard","has-post-thumbnail","","category-dunya1","category-haberler-arap-uluslararasi-politika","category-son-haberler"],"_links":{"self":[{"href":"https:\/\/archive.sana.sy\/tr\/index.php?rest_route=\/wp\/v2\/posts\/281959","targetHints":{"allow":["GET"]}}],"collection":[{"href":"https:\/\/archive.sana.sy\/tr\/index.php?rest_route=\/wp\/v2\/posts"}],"about":[{"href":"https:\/\/archive.sana.sy\/tr\/index.php?rest_route=\/wp\/v2\/types\/post"}],"author":[{"embeddable":true,"href":"https:\/\/archive.sana.sy\/tr\/index.php?rest_route=\/wp\/v2\/users\/41"}],"replies":[{"embeddable":true,"href":"https:\/\/archive.sana.sy\/tr\/index.php?rest_route=%2Fwp%2Fv2%2Fcomments&post=281959"}],"version-history":[{"count":0,"href":"https:\/\/archive.sana.sy\/tr\/index.php?rest_route=\/wp\/v2\/posts\/281959\/revisions"}],"wp:featuredmedia":[{"embeddable":true,"href":"https:\/\/archive.sana.sy\/tr\/index.php?rest_route=\/wp\/v2\/media\/281960"}],"wp:attachment":[{"href":"https:\/\/archive.sana.sy\/tr\/index.php?rest_route=%2Fwp%2Fv2%2Fmedia&parent=281959"}],"wp:term":[{"taxonomy":"category","embeddable":true,"href":"https:\/\/archive.sana.sy\/tr\/index.php?rest_route=%2Fwp%2Fv2%2Fcategories&post=281959"},{"taxonomy":"post_tag","embeddable":true,"href":"https:\/\/archive.sana.sy\/tr\/index.php?rest_route=%2Fwp%2Fv2%2Ftags&post=281959"}],"curies":[{"name":"wp","href":"https:\/\/api.w.org\/{rel}","templated":true}]}}