{"id":281963,"date":"2023-06-03T17:34:42","date_gmt":"2023-06-03T14:34:42","guid":{"rendered":"http:\/\/sana.sy\/tr\/?p=281963"},"modified":"2023-06-04T08:05:06","modified_gmt":"2023-06-04T05:05:06","slug":"arap-ligi-egitim-kultur-ve-bilim-kurumu-alecso-yurutme-konseyi-calismalari-suriyenin-de-katilimiyla-tunusta-baslatildi","status":"publish","type":"post","link":"https:\/\/archive.sana.sy\/tr\/?p=281963","title":{"rendered":"Arap Ligi E\u011fitim, K\u00fclt\u00fcr ve Bilim Kurumu (ALECSO) Y\u00fcr\u00fctme Konseyi \u00c7al\u0131\u015fmalar\u0131 Suriye&#8217;nin Kat\u0131l\u0131m\u0131yla Tunus&#8217;ta Ba\u015flad\u0131"},"content":{"rendered":"<p><strong>TUNUS<\/strong> &#8211; Arap Birli\u011fi E\u011fitim, K\u00fclt\u00fcr ve Bilim Kurumu (ALECSO) Y\u00fcr\u00fctme Konseyi&#8217;nin Suriye&#8217;nin kat\u0131l\u0131m\u0131yla iki <img loading=\"lazy\" decoding=\"async\" class=\"size-full wp-image-281965 alignright\" src=\"http:\/\/sana.sy\/tr\/wp-content\/uploads\/2023\/06\/photo_2023-06-03_16-57-08-300x199-1.jpg\" alt=\"\" width=\"300\" height=\"199\" \/>g\u00fcn s\u00fcrecek 119&#8217;uncu ola\u011fan oturumu \u00e7al\u0131\u015fmalar\u0131 bug\u00fcn Tunus&#8217;un ba\u015fkenti Tunus&#8217;ta ba\u015flad\u0131. Oturum E\u011fitimsel, k\u00fclt\u00fcrel ve bilimsel olarak ortak Arap eylemini g\u00fc\u00e7lendirmeyi ve devletlerin \u00f6rg\u00fctle ili\u015fkilerini derinle\u015ftirmeyi ama\u00e7l\u0131yor.<\/p>\n<p>Kat\u0131l\u0131mc\u0131lar, Suriye temsilcisi ve Konsey \u00fcyesi Nidal Hassan&#8217;\u0131n huzurunda, Kud\u00fcs&#8217;\u00fc tehdit eden tehlikeler ve Filistin&#8217;deki e\u011fitim, k\u00fclt\u00fcr ve bilim ko\u015fullar\u0131na ili\u015fkin konular\u0131 g\u00f6r\u00fc\u015ft\u00fcler.<\/p>\n<p>Kat\u0131l\u0131mc\u0131lar ayr\u0131ca, \u00a0Suudi Arabistan Krall\u0131\u011f\u0131&#8217;n\u0131n ALECSO \u0130\u015f ve Ortakl\u0131klar Forumu&#8217;nu ve \u00c7eviri i\u00e7in Arap G\u00f6zlemevi projesini ba\u015flatma \u00f6nerisine ek olarak kurulu\u015f i\u00e7in medya ve pazarlaman\u0131n rol\u00fcn\u00fc g\u00fc\u00e7lendirmeye y\u00f6nelik bir taslak plan haz\u0131rlama raporunu masaya yat\u0131rd\u0131lar.<\/p>\n<div id='gallery-1' class='gallery galleryid-281963 gallery-columns-2 gallery-size-medium'><figure class='gallery-item'>\n\t\t\t<div class='gallery-icon landscape'>\n\t\t\t\t<a href='https:\/\/archive.sana.sy\/tr\/?attachment_id=281966'><img loading=\"lazy\" decoding=\"async\" width=\"300\" height=\"196\" src=\"https:\/\/archive.sana.sy\/tr\/wp-content\/uploads\/2023\/06\/photo_2023-06-03_16-57-28-300x196.jpg\" class=\"attachment-medium size-medium\" alt=\"\" srcset=\"https:\/\/archive.sana.sy\/tr\/wp-content\/uploads\/2023\/06\/photo_2023-06-03_16-57-28-300x196.jpg 300w, https:\/\/archive.sana.sy\/tr\/wp-content\/uploads\/2023\/06\/photo_2023-06-03_16-57-28.jpg 660w\" sizes=\"auto, (max-width: 300px) 100vw, 300px\" \/><\/a>\n\t\t\t<\/div><\/figure><figure class='gallery-item'>\n\t\t\t<div class='gallery-icon landscape'>\n\t\t\t\t<a href='https:\/\/archive.sana.sy\/tr\/?attachment_id=281967'><img loading=\"lazy\" decoding=\"async\" width=\"300\" height=\"181\" src=\"https:\/\/archive.sana.sy\/tr\/wp-content\/uploads\/2023\/06\/photo_2023-06-03_16-57-30-300x181.jpg\" class=\"attachment-medium size-medium\" alt=\"\" srcset=\"https:\/\/archive.sana.sy\/tr\/wp-content\/uploads\/2023\/06\/photo_2023-06-03_16-57-30-300x181.jpg 300w, https:\/\/archive.sana.sy\/tr\/wp-content\/uploads\/2023\/06\/photo_2023-06-03_16-57-30.jpg 660w\" sizes=\"auto, (max-width: 300px) 100vw, 300px\" \/><\/a>\n\t\t\t<\/div><\/figure>\n\t\t<\/div>\n\n<p>R.M<\/p>\n<p><a href=\"https:\/\/t.me\/SuriyeArapHaberAjansI\">Telegram Kanal\u0131m\u0131z\u00a0<\/a><\/p>\n<p><a href=\"https:\/\/www.facebook.com\/SANAHaberAjansi\/\">Facebook Sayfam\u0131z<\/a><\/p>\n<p><a href=\"https:\/\/twitter.com\/arap_ajans\">Twitter Hesab\u0131m\u0131z<\/a><\/p>\n","protected":false},"excerpt":{"rendered":"<p>TUNUS &#8211; Arap Birli\u011fi E\u011fitim, K\u00fclt\u00fcr ve Bilim Kurumu (ALECSO) Y\u00fcr\u00fctme Konseyi&#8217;nin Suriye&#8217;nin kat\u0131l\u0131m\u0131yla iki g\u00fcn s\u00fcrecek 119&#8217;uncu ola\u011fan oturumu \u00e7al\u0131\u015fmalar\u0131 bug\u00fcn Tunus&#8217;un ba\u015fkenti Tunus&#8217;ta ba\u015flad\u0131. Oturum E\u011fitimsel, k\u00fclt\u00fcrel ve bilimsel olarak ortak Arap eylemini g\u00fc\u00e7lendirmeyi ve devletlerin \u00f6rg\u00fctle ili\u015fkilerini derinle\u015ftirmeyi ama\u00e7l\u0131yor. Kat\u0131l\u0131mc\u0131lar, Suriye temsilcisi ve Konsey \u00fcyesi Nidal Hassan&#8217;\u0131n huzurunda, Kud\u00fcs&#8217;\u00fc tehdit eden tehlikeler &hellip;<\/p>\n","protected":false},"author":41,"featured_media":281964,"comment_status":"closed","ping_status":"closed","sticky":false,"template":"","format":"standard","meta":{"footnotes":""},"categories":[458,459,17988],"tags":[],"class_list":["post-281963","post","type-post","status-publish","format-standard","has-post-thumbnail","","category-dunya1","category-haberler-arap-uluslararasi-politika","category-son-haberler"],"_links":{"self":[{"href":"https:\/\/archive.sana.sy\/tr\/index.php?rest_route=\/wp\/v2\/posts\/281963","targetHints":{"allow":["GET"]}}],"collection":[{"href":"https:\/\/archive.sana.sy\/tr\/index.php?rest_route=\/wp\/v2\/posts"}],"about":[{"href":"https:\/\/archive.sana.sy\/tr\/index.php?rest_route=\/wp\/v2\/types\/post"}],"author":[{"embeddable":true,"href":"https:\/\/archive.sana.sy\/tr\/index.php?rest_route=\/wp\/v2\/users\/41"}],"replies":[{"embeddable":true,"href":"https:\/\/archive.sana.sy\/tr\/index.php?rest_route=%2Fwp%2Fv2%2Fcomments&post=281963"}],"version-history":[{"count":0,"href":"https:\/\/archive.sana.sy\/tr\/index.php?rest_route=\/wp\/v2\/posts\/281963\/revisions"}],"wp:featuredmedia":[{"embeddable":true,"href":"https:\/\/archive.sana.sy\/tr\/index.php?rest_route=\/wp\/v2\/media\/281964"}],"wp:attachment":[{"href":"https:\/\/archive.sana.sy\/tr\/index.php?rest_route=%2Fwp%2Fv2%2Fmedia&parent=281963"}],"wp:term":[{"taxonomy":"category","embeddable":true,"href":"https:\/\/archive.sana.sy\/tr\/index.php?rest_route=%2Fwp%2Fv2%2Fcategories&post=281963"},{"taxonomy":"post_tag","embeddable":true,"href":"https:\/\/archive.sana.sy\/tr\/index.php?rest_route=%2Fwp%2Fv2%2Ftags&post=281963"}],"curies":[{"name":"wp","href":"https:\/\/api.w.org\/{rel}","templated":true}]}}