{"id":281975,"date":"2023-06-03T18:39:58","date_gmt":"2023-06-03T15:39:58","guid":{"rendered":"http:\/\/sana.sy\/tr\/?p=281975"},"modified":"2023-06-05T13:49:38","modified_gmt":"2023-06-05T10:49:38","slug":"idlibdeki-teroristler-ogrencilerin-genel-sertifika-sinavlarina-girmek-icin-serakip-kapisina-ulasmasini-engelliyor","status":"publish","type":"post","link":"https:\/\/archive.sana.sy\/tr\/?p=281975","title":{"rendered":"\u0130dlib&#8217;deki Ter\u00f6ristler, \u00d6\u011frencilerin Genel Sertifika S\u0131navlar\u0131na Girmek \u0130\u00e7in Serakip Kap\u0131s\u0131na Ula\u015fmas\u0131n\u0131 Engelliyor"},"content":{"rendered":"<p><strong>\u0130DL\u0130B<\/strong>&#8211; Ter\u00f6r \u00f6rg\u00fctleri, \u0130dlib&#8217;de kontrol ettikleri b\u00f6lgelerdeki ilk ve orta \u00f6\u011fretim mezunu \u00f6\u011frencilerin, \u0130dlib&#8217;in g\u00fcney k\u0131rsal\u0131ndaki Serakib ge\u00e7idine ge\u00e7i\u015flerini, ge\u00e7idin a\u00e7\u0131ld\u0131\u011f\u0131 ilk g\u00fcn yetkili makamlarca engelledi.<\/p>\n<p>\u0130dlib E\u011fitim Direkt\u00f6r\u00fc Nader Abdo, SANA muhabirine yapt\u0131\u011f\u0131 a\u00e7\u0131klamada, &#8220;Ter\u00f6ristler, \u00f6\u011frencilerin Sarakib kap\u0131s\u0131na ula\u015fmas\u0131n\u0131 ve bu y\u0131lki s\u0131navlar\u0131na girmek i\u00e7in devlet kontrol\u00fcndeki g\u00fcvenli b\u00f6lgelere gitmelerini engelledi&#8221; dedi.<\/p>\n<p>Abdo ayr\u0131ca, Suriye Arap K\u0131z\u0131lay\u0131 ve \u0130dlib Sa\u011fl\u0131k M\u00fcd\u00fcrl\u00fc\u011f\u00fc&#8217;ne ait \u00f6\u011frenci ula\u015f\u0131m\u0131 i\u00e7in otob\u00fcsler ve sa\u011fl\u0131k ekipleri, sa\u011fl\u0131k personeli ve ambulanslar\u0131n g\u00fcvenli\u011fini sa\u011flamak ile birlikte Han \u015eeyhun b\u00f6lgesinde \u00f6\u011frencileri bar\u0131nd\u0131rmak ve ikamet etmek i\u00e7in gerekli t\u00fcm ara\u00e7larla donat\u0131lm\u0131\u015f iki merkezin donat\u0131lmas\u0131 ve \u00a0onlara gerekli hizmetleri sa\u011flamak dahil olmak \u00fczere valilik ve \u00e7e\u015fitli kurumlar\u0131n\u0131n \u00f6\u011frenci kabul\u00fc ve ihtiya\u00e7lar\u0131n\u0131 kar\u015f\u0131lamak i\u00e7in t\u00fcm haz\u0131rl\u0131klar\u0131n\u0131 yapt\u0131klar\u0131na i\u015faret etti.<\/p>\n<p>R.M<\/p>\n<p><a href=\"https:\/\/t.me\/SuriyeArapHaberAjansI\">Telegram Kanal\u0131m\u0131z\u00a0<\/a><\/p>\n<p><a href=\"https:\/\/www.facebook.com\/SANAHaberAjansi\/\">Facebook Sayfam\u0131z<\/a><\/p>\n<p><a href=\"https:\/\/twitter.com\/arap_ajans\">Twitter Hesab\u0131m\u0131z<\/a><\/p>\n","protected":false},"excerpt":{"rendered":"<p>\u0130DL\u0130B&#8211; Ter\u00f6r \u00f6rg\u00fctleri, \u0130dlib&#8217;de kontrol ettikleri b\u00f6lgelerdeki ilk ve orta \u00f6\u011fretim mezunu \u00f6\u011frencilerin, \u0130dlib&#8217;in g\u00fcney k\u0131rsal\u0131ndaki Serakib ge\u00e7idine ge\u00e7i\u015flerini, ge\u00e7idin a\u00e7\u0131ld\u0131\u011f\u0131 ilk g\u00fcn yetkili makamlarca engelledi. \u0130dlib E\u011fitim Direkt\u00f6r\u00fc Nader Abdo, SANA muhabirine yapt\u0131\u011f\u0131 a\u00e7\u0131klamada, &#8220;Ter\u00f6ristler, \u00f6\u011frencilerin Sarakib kap\u0131s\u0131na ula\u015fmas\u0131n\u0131 ve bu y\u0131lki s\u0131navlar\u0131na girmek i\u00e7in devlet kontrol\u00fcndeki g\u00fcvenli b\u00f6lgelere gitmelerini engelledi&#8221; dedi. Abdo ayr\u0131ca, &hellip;<\/p>\n","protected":false},"author":41,"featured_media":281976,"comment_status":"closed","ping_status":"closed","sticky":false,"template":"","format":"standard","meta":{"footnotes":""},"categories":[479,575,17988,478],"tags":[],"class_list":["post-281975","post","type-post","status-publish","format-standard","has-post-thumbnail","","category-haberler-yerel","category-olaylar-ve-gercekler","category-son-haberler","category-yerel"],"_links":{"self":[{"href":"https:\/\/archive.sana.sy\/tr\/index.php?rest_route=\/wp\/v2\/posts\/281975","targetHints":{"allow":["GET"]}}],"collection":[{"href":"https:\/\/archive.sana.sy\/tr\/index.php?rest_route=\/wp\/v2\/posts"}],"about":[{"href":"https:\/\/archive.sana.sy\/tr\/index.php?rest_route=\/wp\/v2\/types\/post"}],"author":[{"embeddable":true,"href":"https:\/\/archive.sana.sy\/tr\/index.php?rest_route=\/wp\/v2\/users\/41"}],"replies":[{"embeddable":true,"href":"https:\/\/archive.sana.sy\/tr\/index.php?rest_route=%2Fwp%2Fv2%2Fcomments&post=281975"}],"version-history":[{"count":0,"href":"https:\/\/archive.sana.sy\/tr\/index.php?rest_route=\/wp\/v2\/posts\/281975\/revisions"}],"wp:featuredmedia":[{"embeddable":true,"href":"https:\/\/archive.sana.sy\/tr\/index.php?rest_route=\/wp\/v2\/media\/281976"}],"wp:attachment":[{"href":"https:\/\/archive.sana.sy\/tr\/index.php?rest_route=%2Fwp%2Fv2%2Fmedia&parent=281975"}],"wp:term":[{"taxonomy":"category","embeddable":true,"href":"https:\/\/archive.sana.sy\/tr\/index.php?rest_route=%2Fwp%2Fv2%2Fcategories&post=281975"},{"taxonomy":"post_tag","embeddable":true,"href":"https:\/\/archive.sana.sy\/tr\/index.php?rest_route=%2Fwp%2Fv2%2Ftags&post=281975"}],"curies":[{"name":"wp","href":"https:\/\/api.w.org\/{rel}","templated":true}]}}