{"id":2823,"date":"2014-06-11T15:34:18","date_gmt":"2014-06-11T12:34:18","guid":{"rendered":"http:\/\/sanasyria.org\/tr\/?p=2823"},"modified":"2014-06-14T13:54:49","modified_gmt":"2014-06-14T10:54:49","slug":"insani-durumlarini-politik-hedeflerde-kullanmak-icin-engelliyorlar","status":"publish","type":"post","link":"https:\/\/archive.sana.sy\/tr\/?p=2823","title":{"rendered":"\u0130nsani Durumlar\u0131n\u0131 Politik Hedeflerde Kullanmak \u0130\u00e7in Engelliyorlar"},"content":{"rendered":"<p><span style=\"color: #800000\">\u015eAM \u2013<\/span> \u015eam\u2019da Filistinli m\u00fcltecilerin yo\u011fun olarak ya\u015fad\u0131klar\u0131 Yerm\u00fck Semtindeki silahl\u0131 ter\u00f6r gruplar\u0131 ard\u0131 ard\u0131na d\u00f6rd\u00fcnc\u00fc g\u00fcn\u00fcnde ter\u00f6r ma\u011fduru masum sivilleri insani yard\u0131mlar\u0131n da\u011f\u0131t\u0131ld\u0131\u011f\u0131 noktalara ula\u015fmalar\u0131n\u0131 engellemeye devam ediyorlar.<\/p>\n<p>Ter\u00f6r gruplar\u0131 bask\u0131 ve ablukalar\u0131 alt\u0131nda ya\u015fayan masum sivillerin insani durumlar\u0131n\u0131 politik hedeflerde kullanmakla birlikte patronajl\u0131klar\u0131n\u0131 yapan d\u0131\u015f g\u00fc\u00e7lerin ajandalar\u0131n\u0131 hayata ge\u00e7irme hedefiyle masum insanlar\u0131n g\u0131da ve ila\u00e7lardan olu\u015fan insani yard\u0131mlar almalar\u0131n\u0131 \u00f6nlemek i\u00e7in silahl\u0131 sald\u0131r\u0131 dahil her t\u00fcrl\u00fc y\u00f6nteme ba\u015fvuruyor.<\/p>\n<p>Filistin Kurtulu\u015f \u00d6rg\u00fct\u00fcn\u00fcn \u015eam\u2019daki Siyasi Daire M\u00fcd\u00fcr\u00fc Enver Abd\u00fclhadi SANA\u2019ya yapt\u0131\u011f\u0131 a\u00e7\u0131klamada; silahl\u0131 ter\u00f6r gruplar\u0131n\u0131n bu eylemlerini k\u0131narken, gayr\u0131 insani davran\u0131\u015flar olarak nitelendirdi.<\/p>\n<p>Abd\u00fclhadi masum sivilleri insani yard\u0131mlardan meneden bu ter\u00f6r gruplar\u0131n\u0131n ger\u00e7ekten ve fiili olarak semt ahalisinin onur ve kerametlerini savunduklar\u0131n\u0131 iddia etmeleri halinde ortaya koyulan Filistinli son giri\u015fim \u00e7er\u00e7evesinde semtten \u00e7\u0131kmalar\u0131 ve semt ahalisinin evlerine d\u00f6nmelerine izin vermeleri gerekti\u011fini ifade etti.<\/p>\n<p>Filistin Kurtulu\u015f \u00d6rg\u00fct\u00fc ve Suriye h\u00fck\u00fcmetinin semtte ya\u015fayan masum insanlar\u0131n ac\u0131lar\u0131n\u0131 hafifletmek ve ihtiya\u00e7lar\u0131n\u0131 kar\u015f\u0131lamak i\u00e7in b\u00fcy\u00fck \u00e7abalar harcad\u0131klar\u0131na dikkat \u00e7eken Abd\u00fclhadi; fakat ter\u00f6r gruplar\u0131n\u0131n bu insanlar\u0131n insani durumlar\u0131n\u0131 d\u0131\u015f ajandalara hizmet olarak kullanmak i\u00e7in engellediklerini belirtti.<\/p>\n","protected":false},"excerpt":{"rendered":"<p>\u015eAM \u2013 \u015eam\u2019da Filistinli m\u00fcltecilerin yo\u011fun olarak ya\u015fad\u0131klar\u0131 Yerm\u00fck Semtindeki silahl\u0131 ter\u00f6r gruplar\u0131 ard\u0131 ard\u0131na d\u00f6rd\u00fcnc\u00fc g\u00fcn\u00fcnde ter\u00f6r ma\u011fduru masum sivilleri insani yard\u0131mlar\u0131n da\u011f\u0131t\u0131ld\u0131\u011f\u0131 noktalara ula\u015fmalar\u0131n\u0131 engellemeye devam ediyorlar. Ter\u00f6r gruplar\u0131 bask\u0131 ve ablukalar\u0131 alt\u0131nda ya\u015fayan masum sivillerin insani durumlar\u0131n\u0131 politik hedeflerde kullanmakla birlikte patronajl\u0131klar\u0131n\u0131 yapan d\u0131\u015f g\u00fc\u00e7lerin ajandalar\u0131n\u0131 hayata ge\u00e7irme hedefiyle masum insanlar\u0131n g\u0131da &hellip;<\/p>\n","protected":false},"author":1,"featured_media":2824,"comment_status":"closed","ping_status":"closed","sticky":false,"template":"","format":"standard","meta":{"footnotes":""},"categories":[479,575,478],"tags":[634],"class_list":["post-2823","post","type-post","status-publish","format-standard","has-post-thumbnail","","category-haberler-yerel","category-olaylar-ve-gercekler","category-yerel","tag-insani-durumlarini-politik-hedeflerde-kullanmak-icin-engelliyorlar"],"_links":{"self":[{"href":"https:\/\/archive.sana.sy\/tr\/index.php?rest_route=\/wp\/v2\/posts\/2823","targetHints":{"allow":["GET"]}}],"collection":[{"href":"https:\/\/archive.sana.sy\/tr\/index.php?rest_route=\/wp\/v2\/posts"}],"about":[{"href":"https:\/\/archive.sana.sy\/tr\/index.php?rest_route=\/wp\/v2\/types\/post"}],"author":[{"embeddable":true,"href":"https:\/\/archive.sana.sy\/tr\/index.php?rest_route=\/wp\/v2\/users\/1"}],"replies":[{"embeddable":true,"href":"https:\/\/archive.sana.sy\/tr\/index.php?rest_route=%2Fwp%2Fv2%2Fcomments&post=2823"}],"version-history":[{"count":0,"href":"https:\/\/archive.sana.sy\/tr\/index.php?rest_route=\/wp\/v2\/posts\/2823\/revisions"}],"wp:featuredmedia":[{"embeddable":true,"href":"https:\/\/archive.sana.sy\/tr\/index.php?rest_route=\/wp\/v2\/media\/2824"}],"wp:attachment":[{"href":"https:\/\/archive.sana.sy\/tr\/index.php?rest_route=%2Fwp%2Fv2%2Fmedia&parent=2823"}],"wp:term":[{"taxonomy":"category","embeddable":true,"href":"https:\/\/archive.sana.sy\/tr\/index.php?rest_route=%2Fwp%2Fv2%2Fcategories&post=2823"},{"taxonomy":"post_tag","embeddable":true,"href":"https:\/\/archive.sana.sy\/tr\/index.php?rest_route=%2Fwp%2Fv2%2Ftags&post=2823"}],"curies":[{"name":"wp","href":"https:\/\/api.w.org\/{rel}","templated":true}]}}